{"id":131208,"date":"2026-01-10T03:13:07","date_gmt":"2026-01-10T03:13:07","guid":{"rendered":"https:\/\/www.europesays.com\/se\/131208\/"},"modified":"2026-01-10T03:13:07","modified_gmt":"2026-01-10T03:13:07","slug":"tv-profil-forsvann-har-hittats-dod-pa-portugisisk-strand","status":"publish","type":"post","link":"https:\/\/www.europesays.com\/se\/131208\/","title":{"rendered":"Tv-profil f\u00f6rsvann \u2013 har hittats d\u00f6d p\u00e5 portugisisk strand"},"content":{"rendered":"<p>Publicerad 9 jan 2026 kl 23.43Uppdaterad 10 jan kl 03.40<\/p>\n<p>Tv-profilen Maycon Douglas f\u00f6rsvann p\u00e5 ny\u00e5rsnatten.<\/p>\n<p>Nu har han hittats d\u00f6d p\u00e5 en strand.<\/p>\n<p>Douglas blev 26 \u00e5r, skriver <a href=\"https:\/\/www.mirror.co.uk\/3am\/celebrity-news\/reality-tv-star-dj-maycon-36527833\" rel=\"nofollow noopener\" target=\"_blank\">Mirror<\/a>.<\/p>\n<p>Senaste n\u00f6jesklippen fr\u00e5n Expressen.<img   alt=\"\"\/><\/p>\n<p>Maycon Douglas.<\/p>\n<p>Foto: Privat<\/p>\n<p>\u00d6ppna bild i helsk\u00e4rm<\/p>\n<p>Maycon Douglas var en brasiliansk-portugisisk tv-profil och DJ som blev blev k\u00e4nd genom att vara med i portugisiska realityserien \u201dCasa dos segredos\u201d.<\/p>\n<p>Douglas hade tillbringat ny\u00e5rsnatten med att DJ:a p\u00e5 en bar i <a href=\"https:\/\/www.expressen.se\/tagg\/location\/portugal\/\" class=\"\" rel=\"nofollow noopener\" target=\"_blank\">Portugal<\/a> innan han \u00e5kte d\u00e4rifr\u00e5n med en v\u00e4n. Men Douglas kom aldrig hem.<\/p>\n<p>En vecka efter f\u00f6rsvinnandet har nu hans kropp hittats p\u00e5 Norte-stranden i Nazar\u00e9 utanf\u00f6r Lissabon. Han blev 26 \u00e5r.<\/p>\n<p>Douglas kunde identifieras med hj\u00e4lp av hans tatueringar. Hans bil hittades i vattnet vid stranden n\u00e4ra platsen d\u00e4r man fann kroppen.<\/p>\n<p>\u201dJag skulle ge vad som helst\u201d<\/p>\n<p>En obduktion har genomf\u00f6rts f\u00f6r att fastst\u00e4lla d\u00f6dsorsaken. Polisen har inte uteslutit m\u00f6jligheten att ett brott har beg\u00e5tts.<\/p>\n<p>\u201dJag skulle ge vad som helst f\u00f6r att f\u00e5 dig tillbaka, vad som helst. Du d\u00f6k upp i mitt liv ov\u00e4ntat, och du vet inte hur tacksam jag \u00e4r f\u00f6r att du gjorde det\u201d, skriver Douglas flickv\u00e4n Raquel Coelho p\u00e5 sociala medier.<\/p>\n<p>Douglas sista inl\u00e4gg p\u00e5 sociala medier kom den 30 december, dagen innan han f\u00f6rsvann:\u00a0<\/p>\n<p>\u201d2025 var intensivt. Vi l\u00e4rde oss mycket och levde \u00e4nnu mer. 2026 handlar om vision, disciplin och konsekvens.\u201d<\/p>\n","protected":false},"excerpt":{"rendered":"Publicerad 9 jan 2026 kl 23.43Uppdaterad 10 jan kl 03.40 Tv-profilen Maycon Douglas f\u00f6rsvann p\u00e5 ny\u00e5rsnatten. Nu har&hellip;\n","protected":false},"author":2,"featured_media":131209,"comment_status":"","ping_status":"","sticky":false,"template":"","format":"standard","meta":{"footnotes":""},"categories":[67],"tags":[104,499,34,31,33,32,30,105],"class_list":{"0":"post-131208","1":"post","2":"type-post","3":"status-publish","4":"format-standard","5":"has-post-thumbnail","7":"category-underhallning","8":"tag-entertainment","9":"tag-location-portugal","10":"tag-se","11":"tag-svenska","12":"tag-sverige","13":"tag-sweden","14":"tag-swedish","15":"tag-underhallning"},"share_on_mastodon":{"url":"https:\/\/pubeurope.com\/@se\/115868624677176777","error":""},"_links":{"self":[{"href":"https:\/\/www.europesays.com\/se\/wp-json\/wp\/v2\/posts\/131208","targetHints":{"allow":["GET"]}}],"collection":[{"href":"https:\/\/www.europesays.com\/se\/wp-json\/wp\/v2\/posts"}],"about":[{"href":"https:\/\/www.europesays.com\/se\/wp-json\/wp\/v2\/types\/post"}],"author":[{"embeddable":true,"href":"https:\/\/www.europesays.com\/se\/wp-json\/wp\/v2\/users\/2"}],"replies":[{"embeddable":true,"href":"https:\/\/www.europesays.com\/se\/wp-json\/wp\/v2\/comments?post=131208"}],"version-history":[{"count":0,"href":"https:\/\/www.europesays.com\/se\/wp-json\/wp\/v2\/posts\/131208\/revisions"}],"wp:featuredmedia":[{"embeddable":true,"href":"https:\/\/www.europesays.com\/se\/wp-json\/wp\/v2\/media\/131209"}],"wp:attachment":[{"href":"https:\/\/www.europesays.com\/se\/wp-json\/wp\/v2\/media?parent=131208"}],"wp:term":[{"taxonomy":"category","embeddable":true,"href":"https:\/\/www.europesays.com\/se\/wp-json\/wp\/v2\/categories?post=131208"},{"taxonomy":"post_tag","embeddable":true,"href":"https:\/\/www.europesays.com\/se\/wp-json\/wp\/v2\/tags?post=131208"}],"curies":[{"name":"wp","href":"https:\/\/api.w.org\/{rel}","templated":true}]}}