{"id":131210,"date":"2026-01-10T03:55:09","date_gmt":"2026-01-10T03:55:09","guid":{"rendered":"https:\/\/www.europesays.com\/se\/131210\/"},"modified":"2026-01-10T03:55:09","modified_gmt":"2026-01-10T03:55:09","slug":"wallstedt-tvaa-kan-fa-fina-utmarkelsen","status":"publish","type":"post","link":"https:\/\/www.europesays.com\/se\/131210\/","title":{"rendered":"Wallstedt tv\u00e5a \u2013 kan f\u00e5 fina utm\u00e4rkelsen"},"content":{"rendered":"<p>share-arrowDela<\/p>\n<p>unsaveSpara<\/p>\n<p>expand-left<\/p>\n<p>helsk\u00e4rm<img decoding=\"async\" class=\"image-asset hyperion-css-u06ts1\" data-test-tag=\"image-asset\" src=\"https:\/\/www.europesays.com\/se\/wp-content\/uploads\/2026\/01\/1d648b62-e653-4843-953c-cf8332ad6725.jpeg\"  alt=\"Minnesotas Jesper Wallstedt har haft en bra s\u00e4song hittills. Bild fr\u00e5n tidigare under s\u00e4songen.\"  loading=\"eager\" fetchpriority=\"high\" style=\"aspect-ratio:1900 \/ 1267\"\/>Minnesotas Jesper Wallstedt har haft en bra s\u00e4song hittills. Bild fr\u00e5n tidigare under s\u00e4songen. Foto: Matt Krohn\/AP\/TT<\/p>\n<p class=\"hyperion-css-1shl3oz\" data-test-tag=\"lead-text\">Jesper Wallstedt lyfts fram som en m\u00f6jlig mottagare av priset f\u00f6r \u00e5rets rookie i NHL. Enligt en kartl\u00e4ggning ligger svensken tv\u00e5a p\u00e5 listan.<\/p>\n<p class=\"hyperion-css-1v9qo5x\">Varje \u00e5r tilldelas en handfull spelare priser f\u00f6r sina insatser under s\u00e4songen. Calder Trophy, priset f\u00f6r \u00e5rets rookie, r\u00f6stas fram av journalister och i \u00e5r kan det mycket v\u00e4l g\u00e5 till en svensk spelare.<\/p>\n<p class=\"hyperion-css-1v9qo5x\">Enligt nhl.com:s kartl\u00e4ggning f\u00e5r Jesper Wallstedt 50 po\u00e4ng, om omr\u00f6stningen skulle ske nu, och \u00e4r d\u00e4rmed tv\u00e5a p\u00e5 listan.<\/p>\n<p class=\"hyperion-css-1v9qo5x\">Wallstedt uts\u00e5gs till m\u00e5nadens rookie i november efter en r\u00e4ddningsprocent p\u00e5 n\u00e4stan 97 procent under m\u00e5nadens sex matcher. Efter halva s\u00e4songen \u00e4r samma siffra n\u00e4stan 93 procent.<\/p>\n<p class=\"hyperion-css-1v9qo5x\">Han \u00e4r dock en bit fr\u00e5n att ta \u00f6ver f\u00f6rstaplatsen fr\u00e5n Islanders Matthew Schaefer. Den 18-\u00e5rige backen f\u00e5r enligt kartl\u00e4ggningen 78 po\u00e4ng.<\/p>\n<p class=\"hyperion-css-1v9qo5x\">Wallstedt ligger \u00e4ven sjua p\u00e5 listan \u00f6ver m\u00f6jliga mottagare av priset som s\u00e4songens m\u00e5lvakt, Vezina Trophy, och \u00e4r uttagen i Sveriges OS-trupp.<\/p>\n","protected":false},"excerpt":{"rendered":"share-arrowDela unsaveSpara expand-left helsk\u00e4rmMinnesotas Jesper Wallstedt har haft en bra s\u00e4song hittills. Bild fr\u00e5n tidigare under s\u00e4songen. Foto:&hellip;\n","protected":false},"author":2,"featured_media":131211,"comment_status":"","ping_status":"","sticky":false,"template":"","format":"standard","meta":{"footnotes":""},"categories":[68],"tags":[34,111,110,31,33,32,30],"class_list":{"0":"post-131210","1":"post","2":"type-post","3":"status-publish","4":"format-standard","5":"has-post-thumbnail","7":"category-sport","8":"tag-se","9":"tag-sport","10":"tag-sports","11":"tag-svenska","12":"tag-sverige","13":"tag-sweden","14":"tag-swedish"},"share_on_mastodon":{"url":"https:\/\/pubeurope.com\/@se\/115868789835152860","error":""},"_links":{"self":[{"href":"https:\/\/www.europesays.com\/se\/wp-json\/wp\/v2\/posts\/131210","targetHints":{"allow":["GET"]}}],"collection":[{"href":"https:\/\/www.europesays.com\/se\/wp-json\/wp\/v2\/posts"}],"about":[{"href":"https:\/\/www.europesays.com\/se\/wp-json\/wp\/v2\/types\/post"}],"author":[{"embeddable":true,"href":"https:\/\/www.europesays.com\/se\/wp-json\/wp\/v2\/users\/2"}],"replies":[{"embeddable":true,"href":"https:\/\/www.europesays.com\/se\/wp-json\/wp\/v2\/comments?post=131210"}],"version-history":[{"count":0,"href":"https:\/\/www.europesays.com\/se\/wp-json\/wp\/v2\/posts\/131210\/revisions"}],"wp:featuredmedia":[{"embeddable":true,"href":"https:\/\/www.europesays.com\/se\/wp-json\/wp\/v2\/media\/131211"}],"wp:attachment":[{"href":"https:\/\/www.europesays.com\/se\/wp-json\/wp\/v2\/media?parent=131210"}],"wp:term":[{"taxonomy":"category","embeddable":true,"href":"https:\/\/www.europesays.com\/se\/wp-json\/wp\/v2\/categories?post=131210"},{"taxonomy":"post_tag","embeddable":true,"href":"https:\/\/www.europesays.com\/se\/wp-json\/wp\/v2\/tags?post=131210"}],"curies":[{"name":"wp","href":"https:\/\/api.w.org\/{rel}","templated":true}]}}