{"id":131220,"date":"2026-01-10T04:18:06","date_gmt":"2026-01-10T04:18:06","guid":{"rendered":"https:\/\/www.europesays.com\/se\/131220\/"},"modified":"2026-01-10T04:18:06","modified_gmt":"2026-01-10T04:18:06","slug":"feline-damgaard-lever-med-kronisk-migran-och-spanningshuvudvark","status":"publish","type":"post","link":"https:\/\/www.europesays.com\/se\/131220\/","title":{"rendered":"Feline Damgaard lever med kronisk migr\u00e4n och sp\u00e4nningshuvudv\u00e4rk"},"content":{"rendered":"<p>Publicerad 10 jan 2026 kl 05.00<\/p>\n<p> Premium Felines sjukdom syns inte, men den har tagit \u00f6ver hennes liv.<\/p>\n<p>Den kraftiga huvudv\u00e4rken kom n\u00e4r hon var 13 och i dag \u2013 elva \u00e5r senare \u2013 lever hon fortfarande med \u201dden mest outh\u00e4rdliga sm\u00e4rtan i v\u00e4rlden\u201d varje dag.<\/p>\n<p>\u2013 Jag t\u00e4nker st\u00e4ndigt p\u00e5 om mitt huvud klarar veckan jag har framf\u00f6r mig.<\/p>\n<p>H\u00e4r ber\u00e4ttar hon hur hon l\u00e4rt sig hantera det kroniska tillst\u00e5ndet.<\/p>\n<p>\u00a0<\/p>\n<p><a href=\"https:\/\/www.expressen.se\/premium\/halsa\/\" rel=\"nofollow noopener\" target=\"_blank\">H\u00e4r hittar du mer om medicin, h\u00e4lsa och forskning!<\/a><\/p>\n<p><img   alt=\"Det var n\u00e4r Feline Damgaard var 13 \u00e5r som den sv\u00e5ra huvudsm\u00e4rtan f\u00f6rst slog till. Nu lever hon med den varje dag.\"\/><\/p>\n<p>Det var n\u00e4r Feline Damgaard var 13 \u00e5r som den sv\u00e5ra huvudsm\u00e4rtan f\u00f6rst slog till. Nu lever hon med den varje dag. Foto: Privat<\/p>\n<p>Dela artikel<\/p>\n<p>Kopiera l\u00e4nk<\/p>\n<p>L\u00e4nk kopierad<\/p>\n<p>Feline kunde alltid hoppas att hon skulle v\u00e4xa ifr\u00e5n sm\u00e4rtan.<\/p>\n<p>Kanske skulle det g\u00e5 \u00f6ver av sig sj\u00e4lvt om hon blev gravid eller n\u00e4r hon gick igenom klimakteriet.\u00a0<\/p>\n","protected":false},"excerpt":{"rendered":"Publicerad 10 jan 2026 kl 05.00 Premium Felines sjukdom syns inte, men den har tagit \u00f6ver hennes liv.&hellip;\n","protected":false},"author":2,"featured_media":131221,"comment_status":"","ping_status":"","sticky":false,"template":"","format":"standard","meta":{"footnotes":""},"categories":[69],"tags":[113,112,4309,13447,34,31,33,32,30],"class_list":{"0":"post-131220","1":"post","2":"type-post","3":"status-publish","4":"format-standard","5":"has-post-thumbnail","7":"category-halsa","8":"tag-halsa","9":"tag-health","10":"tag-migran-huvudvark","11":"tag-rigshospitalet","12":"tag-se","13":"tag-svenska","14":"tag-sverige","15":"tag-sweden","16":"tag-swedish"},"share_on_mastodon":{"url":"https:\/\/pubeurope.com\/@se\/115868880287397180","error":""},"_links":{"self":[{"href":"https:\/\/www.europesays.com\/se\/wp-json\/wp\/v2\/posts\/131220","targetHints":{"allow":["GET"]}}],"collection":[{"href":"https:\/\/www.europesays.com\/se\/wp-json\/wp\/v2\/posts"}],"about":[{"href":"https:\/\/www.europesays.com\/se\/wp-json\/wp\/v2\/types\/post"}],"author":[{"embeddable":true,"href":"https:\/\/www.europesays.com\/se\/wp-json\/wp\/v2\/users\/2"}],"replies":[{"embeddable":true,"href":"https:\/\/www.europesays.com\/se\/wp-json\/wp\/v2\/comments?post=131220"}],"version-history":[{"count":0,"href":"https:\/\/www.europesays.com\/se\/wp-json\/wp\/v2\/posts\/131220\/revisions"}],"wp:featuredmedia":[{"embeddable":true,"href":"https:\/\/www.europesays.com\/se\/wp-json\/wp\/v2\/media\/131221"}],"wp:attachment":[{"href":"https:\/\/www.europesays.com\/se\/wp-json\/wp\/v2\/media?parent=131220"}],"wp:term":[{"taxonomy":"category","embeddable":true,"href":"https:\/\/www.europesays.com\/se\/wp-json\/wp\/v2\/categories?post=131220"},{"taxonomy":"post_tag","embeddable":true,"href":"https:\/\/www.europesays.com\/se\/wp-json\/wp\/v2\/tags?post=131220"}],"curies":[{"name":"wp","href":"https:\/\/api.w.org\/{rel}","templated":true}]}}