{"id":131222,"date":"2026-01-10T04:23:13","date_gmt":"2026-01-10T04:23:13","guid":{"rendered":"https:\/\/www.europesays.com\/se\/131222\/"},"modified":"2026-01-10T04:23:13","modified_gmt":"2026-01-10T04:23:13","slug":"colombias-president-varnar-for-usa-insats-reellt-hot","status":"publish","type":"post","link":"https:\/\/www.europesays.com\/se\/131222\/","title":{"rendered":"Colombias president varnar f\u00f6r USA-insats: \u201dReellt hot\u201d"},"content":{"rendered":"<p>Det finns ett \u201dreellt hot\u201d om en amerikansk milit\u00e4r intervention i Colombia, s\u00e4ger landets president Gustavo Petro till BBC.<\/p>\n<p>Uttalandet kommer efter att Donald Trump tidigare i veckan sagt att en milit\u00e4r operation i Colombia \u201dl\u00e5ter bra\u201d.<\/p>\n<p>Petro, som kraftigt kritiserat USA:s insats i Venezuela, s\u00e4ger att USA behandlar andra nationer som delar av sitt imperium. Genom sitt agerande riskerar Trump att g\u00f6ra USA isolerat fr\u00e5n resten av omv\u00e4rlden, menar den colombianska presidenten. <\/p>\n<p>Trump och Petro pratade i telefon i onsdags och efter\u00e5t beskrev Trump samtalet i positiva ordalag. BBC konstaterar dock att Petros uttalande snarare indikerar att inget har f\u00f6r\u00e4ndrats i presidenternas svala relation till varandra.<\/p>\n<p>Omni \u00e4r politiskt obundna och oberoende. Vi str\u00e4var efter att ge fler perspektiv p\u00e5 nyheterna. Har du fr\u00e5gor eller synpunkter kring v\u00e5r rapportering? <a href=\"https:\/\/omni.se\/colombias-president-varnar-for-usa-insats-reellt-hot\/a\/mailto:redaktion@omni.se\" class=\"ArticleActions_contactLink__W2F1M\" rel=\"nofollow noopener\" target=\"_blank\">Kontakta redaktionen<\/a><\/p>\n","protected":false},"excerpt":{"rendered":"Det finns ett \u201dreellt hot\u201d om en amerikansk milit\u00e4r intervention i Colombia, s\u00e4ger landets president Gustavo Petro till&hellip;\n","protected":false},"author":2,"featured_media":131223,"comment_status":"","ping_status":"","sticky":false,"template":"","format":"standard","meta":{"footnotes":""},"categories":[14],"tags":[22,23,5563,385,26,27,5909,17,21,24,25,708,28,29,15,16,18,34,31,33,32,30,19,20,74,13061,51,2545,52,53,54],"class_list":{"0":"post-131222","1":"post","2":"type-post","3":"status-publish","4":"format-standard","5":"has-post-thumbnail","7":"category-varlden","8":"tag-breaking-news","9":"tag-breakingnews","10":"tag-colombia","11":"tag-donald-trump","12":"tag-featured-news","13":"tag-featurednews","14":"tag-gustavo-petro","15":"tag-headlines","16":"tag-huvudnyheter","17":"tag-latest-news","18":"tag-latestnews","19":"tag-latinamerika","20":"tag-main-news","21":"tag-mainnews","22":"tag-news","23":"tag-nyheter","24":"tag-rubriker","25":"tag-se","26":"tag-svenska","27":"tag-sverige","28":"tag-sweden","29":"tag-swedish","30":"tag-top-stories","31":"tag-topstories","32":"tag-usa","33":"tag-usa-vs-venezuela","34":"tag-varlden","35":"tag-venezuela","36":"tag-world","37":"tag-world-news","38":"tag-worldnews"},"share_on_mastodon":{"url":"https:\/\/pubeurope.com\/@se\/115868899922414419","error":""},"_links":{"self":[{"href":"https:\/\/www.europesays.com\/se\/wp-json\/wp\/v2\/posts\/131222","targetHints":{"allow":["GET"]}}],"collection":[{"href":"https:\/\/www.europesays.com\/se\/wp-json\/wp\/v2\/posts"}],"about":[{"href":"https:\/\/www.europesays.com\/se\/wp-json\/wp\/v2\/types\/post"}],"author":[{"embeddable":true,"href":"https:\/\/www.europesays.com\/se\/wp-json\/wp\/v2\/users\/2"}],"replies":[{"embeddable":true,"href":"https:\/\/www.europesays.com\/se\/wp-json\/wp\/v2\/comments?post=131222"}],"version-history":[{"count":0,"href":"https:\/\/www.europesays.com\/se\/wp-json\/wp\/v2\/posts\/131222\/revisions"}],"wp:featuredmedia":[{"embeddable":true,"href":"https:\/\/www.europesays.com\/se\/wp-json\/wp\/v2\/media\/131223"}],"wp:attachment":[{"href":"https:\/\/www.europesays.com\/se\/wp-json\/wp\/v2\/media?parent=131222"}],"wp:term":[{"taxonomy":"category","embeddable":true,"href":"https:\/\/www.europesays.com\/se\/wp-json\/wp\/v2\/categories?post=131222"},{"taxonomy":"post_tag","embeddable":true,"href":"https:\/\/www.europesays.com\/se\/wp-json\/wp\/v2\/tags?post=131222"}],"curies":[{"name":"wp","href":"https:\/\/api.w.org\/{rel}","templated":true}]}}