{"id":131224,"date":"2026-01-10T04:25:12","date_gmt":"2026-01-10T04:25:12","guid":{"rendered":"https:\/\/www.europesays.com\/se\/131224\/"},"modified":"2026-01-10T04:25:12","modified_gmt":"2026-01-10T04:25:12","slug":"snon-stangde-flygplatsen-aldrig-varit-med-om-nagot-liknande-tidningen-angermanland","status":"publish","type":"post","link":"https:\/\/www.europesays.com\/se\/131224\/","title":{"rendered":"Sn\u00f6n st\u00e4ngde flygplatsen: \u201daldrig varit med om n\u00e5got liknande\u201d &#8211; Tidningen \u00c5ngermanland"},"content":{"rendered":"<ol>\n<li><a href=\"https:\/\/news.google.com\/rss\/articles\/CBMirAFBVV95cUxPX3hpd1JvYVFpMk1oSWo2VUI5UG9vcThnc1k4Q041Y01kdDFTVjV2Ny1mNTFzcnBvRGlIczU2MnFXRGt5al9JeEJlOG12YzY0Q045UFRpUWIwUGg5V0t1U1N5RGJZRTJIQ3lkSUtQVFR3ZHNTUEw0WkpHODRJTGJLcVFrNk5qemFvaDV5UUJTVE1oc2VwcE5sQ05BSjZhWFlLcXVZY1JZZVVQRTVI?oc=5\" target=\"_blank\" rel=\"nofollow noopener\">Sn\u00f6n st\u00e4ngde flygplatsen: \u201daldrig varit med om n\u00e5got liknande\u201d<\/a>&nbsp;&nbsp;Tidningen \u00c5ngermanland<\/li>\n<li><a href=\"https:\/\/news.google.com\/rss\/articles\/CBMiggFBVV95cUxPYjNUSUhuYlR6ZVZVR09xUG9wZm1zUmY0UEgycG04d241Z1o5ZEtST210ZmY0QVlKVGY5RDYxUzlYM2ZFR19HX2IwT1NUQVk2aEJicDRjMDNRTEJmOW92cTN5N001bDhJYnJXRFZpRC1hOFppaGdNN3hxbVhQTi1fT3B3?oc=5\" target=\"_blank\" rel=\"nofollow noopener\">Kramfors insn\u00f6at efter sn\u00f6yran<\/a>&nbsp;&nbsp;Tidningen \u00c5ngermanland<\/li>\n<li><a href=\"https:\/\/news.google.com\/rss\/articles\/CBMihgFBVV95cUxQSUlhcWptWWxoNHJoSmQwT2hiRFBENndhWDROemVQTFRGWkc2RFhSUlQwRk1lWFRCbVZRbkl5c3lxMWxXVTI3eVlKNUpuc2ZVMlU4Z19vQXpMalRac2VRSC13SkVXOFRKRE9aOEdXZmJuSElJYTZVdXMtYmpDNXFIQUF2Z2NNQQ?oc=5\" target=\"_blank\" rel=\"nofollow noopener\">Macken i Lunde insn\u00f6ad: \u201dDet \u00e4r ett f\u00e4ngelse\u201d<\/a>&nbsp;&nbsp;Sveriges Radio<\/li>\n<li><a href=\"https:\/\/news.google.com\/rss\/articles\/CBMiZEFVX3lxTE1YZG1kd2FIV3ROdHNLYzd4SmNFX2JRX0VyVWU5cTY4WUdMTzlNNjJ4YXdCN0JzY25xVTRtbXZpbG9rQXpoT0sya3ZxUUNqb0JrMFAySU4wc2ctMTZRalBvVGhLUXE?oc=5\" target=\"_blank\" rel=\"nofollow noopener\">Jim fick mest sn\u00f6<\/a>&nbsp;&nbsp;Allehanda.se<\/li>\n<li><a href=\"https:\/\/news.google.com\/rss\/articles\/CBMiigFBVV95cUxOalNWX3Rmek1XYVhTbDkxejZOTWg5RkV0eWYtcEZOOTdSN1dtdXNPSGltY3pSTUVfWTJ4alJuYTJEZ0F4blV4VzJzZmh4SUhvNmlLS3VLRWVidXJvX05fNmhpQTBpMXIyc2stZTJNYXA1RmpnRkFmNW1CVUJTMDZXV1d0OXdyZjBielE?oc=5\" target=\"_blank\" rel=\"nofollow noopener\">\u201dSn\u00e5ska&#8221; i Kramfors: \u201dBlixtrar fortfarande\u201d<\/a>&nbsp;&nbsp;Aftonbladet<\/li>\n<\/ol>\n","protected":false},"excerpt":{"rendered":"Sn\u00f6n st\u00e4ngde flygplatsen: \u201daldrig varit med om n\u00e5got liknande\u201d&nbsp;&nbsp;Tidningen \u00c5ngermanland Kramfors insn\u00f6at efter sn\u00f6yran&nbsp;&nbsp;Tidningen \u00c5ngermanland Macken i Lunde&hellip;\n","protected":false},"author":2,"featured_media":131225,"comment_status":"","ping_status":"","sticky":false,"template":"","format":"standard","meta":{"footnotes":""},"categories":[5],"tags":[22,23,26,27,17,21,24,25,28,29,15,16,18,34,31,33,32,30,19,20],"class_list":{"0":"post-131224","1":"post","2":"type-post","3":"status-publish","4":"format-standard","5":"has-post-thumbnail","7":"category-rubriker","8":"tag-breaking-news","9":"tag-breakingnews","10":"tag-featured-news","11":"tag-featurednews","12":"tag-headlines","13":"tag-huvudnyheter","14":"tag-latest-news","15":"tag-latestnews","16":"tag-main-news","17":"tag-mainnews","18":"tag-news","19":"tag-nyheter","20":"tag-rubriker","21":"tag-se","22":"tag-svenska","23":"tag-sverige","24":"tag-sweden","25":"tag-swedish","26":"tag-top-stories","27":"tag-topstories"},"share_on_mastodon":{"url":"https:\/\/pubeurope.com\/@se\/115868907761331226","error":""},"_links":{"self":[{"href":"https:\/\/www.europesays.com\/se\/wp-json\/wp\/v2\/posts\/131224","targetHints":{"allow":["GET"]}}],"collection":[{"href":"https:\/\/www.europesays.com\/se\/wp-json\/wp\/v2\/posts"}],"about":[{"href":"https:\/\/www.europesays.com\/se\/wp-json\/wp\/v2\/types\/post"}],"author":[{"embeddable":true,"href":"https:\/\/www.europesays.com\/se\/wp-json\/wp\/v2\/users\/2"}],"replies":[{"embeddable":true,"href":"https:\/\/www.europesays.com\/se\/wp-json\/wp\/v2\/comments?post=131224"}],"version-history":[{"count":0,"href":"https:\/\/www.europesays.com\/se\/wp-json\/wp\/v2\/posts\/131224\/revisions"}],"wp:featuredmedia":[{"embeddable":true,"href":"https:\/\/www.europesays.com\/se\/wp-json\/wp\/v2\/media\/131225"}],"wp:attachment":[{"href":"https:\/\/www.europesays.com\/se\/wp-json\/wp\/v2\/media?parent=131224"}],"wp:term":[{"taxonomy":"category","embeddable":true,"href":"https:\/\/www.europesays.com\/se\/wp-json\/wp\/v2\/categories?post=131224"},{"taxonomy":"post_tag","embeddable":true,"href":"https:\/\/www.europesays.com\/se\/wp-json\/wp\/v2\/tags?post=131224"}],"curies":[{"name":"wp","href":"https:\/\/api.w.org\/{rel}","templated":true}]}}