{"id":131226,"date":"2026-01-10T04:31:09","date_gmt":"2026-01-10T04:31:09","guid":{"rendered":"https:\/\/www.europesays.com\/se\/131226\/"},"modified":"2026-01-10T04:31:09","modified_gmt":"2026-01-10T04:31:09","slug":"venezuela-stort-antal-fangar-ska-slappas-vasterbottens-kuriren","status":"publish","type":"post","link":"https:\/\/www.europesays.com\/se\/131226\/","title":{"rendered":"Venezuela: \u201dStort antal\u201d f\u00e5ngar ska sl\u00e4ppas &#8211; V\u00e4sterbottens-Kuriren"},"content":{"rendered":"<ol>\n<li><a href=\"https:\/\/news.google.com\/rss\/articles\/CBMigAFBVV95cUxOVFNUVENkWGRuRUNZdG1oQ3JzdzMwamJuRXJkQTVfUlVSbnNXbzFWd0EzTXJtOXZtSkpjQlpjeXRmTjFjRDRHNFZHZkJuTWFDY1B2RHpPS2lRcWVSVEJfbHZmSWxsYzJtOTV4X2UyUENNdWsxT2wyUXdQVTI5bkUxMg?oc=5\" target=\"_blank\" rel=\"nofollow noopener\">Venezuela: \u201dStort antal\u201d f\u00e5ngar ska sl\u00e4ppas<\/a>&nbsp;&nbsp;V\u00e4sterbottens-Kuriren<\/li>\n<li><a href=\"https:\/\/news.google.com\/rss\/articles\/CBMinwFBVV95cUxQWTUyeERKZi16ZUhJUHVsSFRQaWVPTW1ha2JjaVhMOGt6QUoxQkFGMlo1WGpEcUh2WW5hV2FscVhHT3lnTXhPengtQldkQVpNQlJYZ0p4aFlVb2FsNzF4a1RKcHByZHVpM2xZY3J0V0xGbmhmTjV0VXBLcVNNZjlLR3VRMVVJcjFIRlFHbm1kT1lGbThVS1M5bGhiN2tKWk0?oc=5\" target=\"_blank\" rel=\"nofollow noopener\">Venezuela: Ska sl\u00e4ppa stort antal f\u00e5ngar \u2013 Senaste nytt om USA:s attack mot Venezuela<\/a>&nbsp;&nbsp;SVT Nyheter<\/li>\n<li><a href=\"https:\/\/news.google.com\/rss\/articles\/CBMiigFBVV95cUxPMVAwUk8wWk1uQnc3ZHB0ZUZZNDdyQktyUFlNTlZDS1A1RUV4RFlidjIzeEFGdnl1bWdISmhSc3dGSVBVTkpncWVHejA1YmxodmZ3NUgydExjOWNhbV8xenRDdWN3cmpEOTZGM0I3Nnh6MERvUXA4S2JUSXJvV1pldHRsczEwZFpxMkE?oc=5\" target=\"_blank\" rel=\"nofollow noopener\">Politiska f\u00e5ngar fr\u00e5n Spanien frias<\/a>&nbsp;&nbsp;Aftonbladet<\/li>\n<li><a href=\"https:\/\/news.google.com\/rss\/articles\/CBMilwFBVV95cUxOalViYW5GZ3FMOE9zNF9GOWxDUXlvdEpLcDZpMjROY3RwMV9qNzRCemQ3MHNFX01zZi1MQ2g2UWZlWTJEY0RRR0ZDOTZUR2JZZHYzeWd1T1JfdEtraVBod1pMLTdsUmhmYXF0cTQtOVZTNW9UNTR0WmFNT1VBUjhSWVlER3lYbHBsanRuMTM0Z3ZnLVlDMXNn?oc=5\" target=\"_blank\" rel=\"nofollow noopener\">Tidigare presidentkandidat frigiven i Venezuela<\/a>&nbsp;&nbsp;Expressen<\/li>\n<li><a href=\"https:\/\/news.google.com\/rss\/articles\/CBMiQEFVX3lxTE81UWR0VW54TlZLbEZ5bkVSSEhPSzVCeHdEZUE2RUw3ZlFkUnhndGNvNU1TcU5iMzR3NGx1UlRTeFc?oc=5\" target=\"_blank\" rel=\"nofollow noopener\">Venezuela friger ett stort antal politiska f\u00e5ngar<\/a>&nbsp;&nbsp;Yle<\/li>\n<\/ol>\n","protected":false},"excerpt":{"rendered":"Venezuela: \u201dStort antal\u201d f\u00e5ngar ska sl\u00e4ppas&nbsp;&nbsp;V\u00e4sterbottens-Kuriren Venezuela: Ska sl\u00e4ppa stort antal f\u00e5ngar \u2013 Senaste nytt om USA:s attack&hellip;\n","protected":false},"author":2,"featured_media":131227,"comment_status":"","ping_status":"","sticky":false,"template":"","format":"standard","meta":{"footnotes":""},"categories":[14],"tags":[22,23,26,27,17,21,24,25,28,29,15,16,18,34,31,33,32,30,19,20,51,52,53,54],"class_list":{"0":"post-131226","1":"post","2":"type-post","3":"status-publish","4":"format-standard","5":"has-post-thumbnail","7":"category-varlden","8":"tag-breaking-news","9":"tag-breakingnews","10":"tag-featured-news","11":"tag-featurednews","12":"tag-headlines","13":"tag-huvudnyheter","14":"tag-latest-news","15":"tag-latestnews","16":"tag-main-news","17":"tag-mainnews","18":"tag-news","19":"tag-nyheter","20":"tag-rubriker","21":"tag-se","22":"tag-svenska","23":"tag-sverige","24":"tag-sweden","25":"tag-swedish","26":"tag-top-stories","27":"tag-topstories","28":"tag-varlden","29":"tag-world","30":"tag-world-news","31":"tag-worldnews"},"share_on_mastodon":{"url":"https:\/\/pubeurope.com\/@se\/115868931361187807","error":""},"_links":{"self":[{"href":"https:\/\/www.europesays.com\/se\/wp-json\/wp\/v2\/posts\/131226","targetHints":{"allow":["GET"]}}],"collection":[{"href":"https:\/\/www.europesays.com\/se\/wp-json\/wp\/v2\/posts"}],"about":[{"href":"https:\/\/www.europesays.com\/se\/wp-json\/wp\/v2\/types\/post"}],"author":[{"embeddable":true,"href":"https:\/\/www.europesays.com\/se\/wp-json\/wp\/v2\/users\/2"}],"replies":[{"embeddable":true,"href":"https:\/\/www.europesays.com\/se\/wp-json\/wp\/v2\/comments?post=131226"}],"version-history":[{"count":0,"href":"https:\/\/www.europesays.com\/se\/wp-json\/wp\/v2\/posts\/131226\/revisions"}],"wp:featuredmedia":[{"embeddable":true,"href":"https:\/\/www.europesays.com\/se\/wp-json\/wp\/v2\/media\/131227"}],"wp:attachment":[{"href":"https:\/\/www.europesays.com\/se\/wp-json\/wp\/v2\/media?parent=131226"}],"wp:term":[{"taxonomy":"category","embeddable":true,"href":"https:\/\/www.europesays.com\/se\/wp-json\/wp\/v2\/categories?post=131226"},{"taxonomy":"post_tag","embeddable":true,"href":"https:\/\/www.europesays.com\/se\/wp-json\/wp\/v2\/tags?post=131226"}],"curies":[{"name":"wp","href":"https:\/\/api.w.org\/{rel}","templated":true}]}}