{"id":131228,"date":"2026-01-10T04:33:20","date_gmt":"2026-01-10T04:33:20","guid":{"rendered":"https:\/\/www.europesays.com\/se\/131228\/"},"modified":"2026-01-10T04:33:20","modified_gmt":"2026-01-10T04:33:20","slug":"klicksida-spred-missing-peoples-efterlysningsbild-omgjord-med-ai","status":"publish","type":"post","link":"https:\/\/www.europesays.com\/se\/131228\/","title":{"rendered":"Klicksida spred Missing Peoples efterlysningsbild omgjord med AI"},"content":{"rendered":"<p><strong>En AI-version av bilden p\u00e5 en f\u00f6rsvunnen 18-\u00e5ring har f\u00e5tt spridning i sociala medier.<\/strong><\/p>\n<p><img fetchpriority=\"high\" decoding=\"async\" width=\"1024\" height=\"545\" src=\"https:\/\/www.europesays.com\/se\/wp-content\/uploads\/2026\/01\/fantominne-1024x545.jpg\" alt=\"\" class=\"wp-image-22542\"   \/>Foto: Sk\u00e4rmdump\/Facebook<\/p>\n<p>I Uddevalla s\u00f6ker man efter en 18-\u00e5rig flicka som varit borta sedan i tisdags. I onsdags lade s\u00f6korganisationen Missing People ut en efterlysning i sociala medier.<\/p>\n<p>Missing \u00c5eople \u00e4r tydliga med att deras efterlysningsbilder inte f\u00e5r delas hur som helst och har i den aktuella efterlysningen har man lagt med en text om hur den f\u00e5r anv\u00e4ndas av andra.<\/p>\n<blockquote class=\"wp-block-quote is-layout-flow wp-block-quote-is-layout-flow\">\n<\/blockquote>\n<p>Det har dock inte alla h\u00e5llit sig till i det h\u00e4r fallet.<\/p>\n<p>Samma dag lade en nyskapad Facebook-sida med namnet Engagingmedias ut texten fr\u00e5n Missing Peoples annons och en AI-bild som ska likna flickan.<\/p>\n<p><img loading=\"lazy\" decoding=\"async\" width=\"1024\" height=\"620\" src=\"https:\/\/www.europesays.com\/se\/wp-content\/uploads\/2026\/01\/fantom4-1024x620.jpg\" alt=\"\" class=\"wp-image-22534\"   \/>Inl\u00e4gg p\u00e5 Facebook 7 januari.<\/p>\n<p>N\u00e4r personer st\u00e4llde sig fr\u00e5gande till det i kommentarsf\u00e4ltet svarade Engagingmedias att de skapat \u201den fantombild\u201d f\u00f6r att hj\u00e4lpa till.<\/p>\n<p><img loading=\"lazy\" decoding=\"async\" width=\"1024\" height=\"183\" src=\"https:\/\/www.europesays.com\/se\/wp-content\/uploads\/2026\/01\/fantom1-1024x183.jpg\" alt=\"\" class=\"wp-image-22531\"   \/>Kommentar p\u00e5 Facebook 8 januari.<\/p>\n<p>Samtidigt beskriver sig sidan som en f\u00f6rmedlare av \u201dautentiska bilder\u201d och nyheter.<\/p>\n<p><img loading=\"lazy\" decoding=\"async\" width=\"1024\" height=\"147\" src=\"https:\/\/www.europesays.com\/se\/wp-content\/uploads\/2026\/01\/fantom2-1024x147.jpg\" alt=\"\" class=\"wp-image-22523\"   \/>Fr\u00e5n Engagingmedias profil.<\/p>\n<p>\u2013 Jag tycker att det \u00e4r v\u00e4ldigt stor brist p\u00e5 respekt gentemot m\u00e4nniskan som l\u00e4ggs ut p\u00e5 bild p\u00e5 detta s\u00e4ttet. Och det h\u00e4r har exploderat p\u00e5 sista tiden, att man tar v\u00e5ra bilder. Jag vet inte varf\u00f6r, s\u00e4ger Christina Hjalmarsson, enhetsansvarig p\u00e5 Missing People Sweden, till K\u00e4llkritikbyr\u00e5n.<\/p>\n<p>Hon po\u00e4ngterar att man inte ska g\u00f6ra exempelvis sk\u00e4rmdumpar eller skapa andra egna bilder gjorda p\u00e5 Missing Peoples efterlysningsbilder.<\/p>\n<p>Om man delar efterlysningen i sin helhet s\u00e5 kommer justeringar med, exempelvis om personen skulle bli hittad, och bilden tas sedan bort s\u00e5 att den inte ligger kvar p\u00e5 n\u00e4tet, s\u00e4ger Christina Hjalmarsson.<\/p>\n<p>\u2013 Vi jobbar mycket med att hitta de h\u00e4r som anv\u00e4nder v\u00e5ra bilder och anm\u00e4ler dem. Jag tycker att det \u00e4r s\u00e5 tr\u00e5kigt att vi ska beh\u00f6va sitta och granska hur v\u00e5ra bilder anv\u00e4nds, hur de lyfts bort fr\u00e5n sitt syfte.<\/p>\n<p>Sprider falska p\u00e5st\u00e5enden om Missing People<\/p>\n<p>N\u00e4r det i kommentarsf\u00e4ltet kommer inv\u00e4ndningar att Facebook-sidan Engagingmedias bryter mot Missing Peoples regler b\u00f6rjar den som driver sidan att ifr\u00e5gas\u00e4tta organisationen Missing People i sig. S\u00e5 h\u00e4r skriver sidans administrat\u00f6r i kommentarsf\u00e4ltet:<\/p>\n<blockquote class=\"wp-block-quote is-layout-flow wp-block-quote-is-layout-flow\">\n<p>\u201dtur att vi s\u00e4tter press och f\u00e5r ig\u00e5ng en \u00e4kta engagerande Missing people igen, Swish beh\u00f6vs inte l\u00e4ngre Facebook betalar miljoner till dem redan\u201d<\/p>\n<p>Kommentar p\u00e5 Facebook 8 januari<\/p><\/blockquote>\n<p>Engagingmedias skriver i sitt kommentarsf\u00e4lt att man vill uts\u00e4tta Missing People f\u00f6r \u201dkonkurrens\u201d f\u00f6r att det s\u00e4tter fart p\u00e5 \u201dinnovation och effektivisering\u201d i samh\u00e4llet.<\/p>\n<p><img loading=\"lazy\" decoding=\"async\" width=\"1024\" height=\"210\" src=\"https:\/\/www.europesays.com\/se\/wp-content\/uploads\/2026\/01\/fantom7-1024x210.jpg\" alt=\"\" class=\"wp-image-22538\"   \/>Kommentar p\u00e5 Facebook 8 januari.<\/p>\n<p>Vi st\u00e4ller fr\u00e5gan till Missing People.<\/p>\n<p><strong>Betalar Facebook er miljontals kronor?<\/strong><\/p>\n<p>\u2013 Nej, absolut inte, s\u00e4ger Christina Hjalmarsson.<\/p>\n<p>Missing People \u00e4r en ideell organisation och tar emot donationer fr\u00e5n allm\u00e4nheten. Man har ett insamlingskonto, ett s\u00e5 kallat 90-konto, som inneb\u00e4r att de <a href=\"https:\/\/www.missingpeople.se\/om-oss\/\" target=\"_blank\" rel=\"noreferrer noopener nofollow\"><strong>granskas av Svensk insamlingskontroll<\/strong><\/a>.<\/p>\n<p>AI-bilden har spridits vidare<\/p>\n<p>Den AI-genererade bilden har \u00e4ven hittat till Linkedin d\u00e4r en kvinna anv\u00e4nder Missing Peoples text och fel bild ihop med en uppmaning om att r\u00f6sta p\u00e5 Sverigedemokraterna.<\/p>\n<p><img loading=\"lazy\" decoding=\"async\" width=\"1024\" height=\"563\" src=\"https:\/\/www.europesays.com\/se\/wp-content\/uploads\/2026\/01\/fantom3-1024x563.jpg\" alt=\"\" class=\"wp-image-22525\"   \/>Inl\u00e4gg p\u00e5 Linkedin 8 januari.<\/p>\n<p>Bilderna \u00e4r mycket lika, men det finns tydliga skillnader. Exempelvis har den 18-\u00e5riga kvinnan p\u00e5 bilden \u2013 <a href=\"https:\/\/www.facebook.com\/MPSweden\/posts\/pfbid02GGWtEVRPmfPmabJruGCwM5a9sLtpP44xfAQhQpcsTRL1mnbDmoCXfBc1px2esYfQl\" target=\"_blank\" rel=\"noreferrer noopener nofollow\"><strong>som du hittar h\u00e4r<\/strong><\/a> \u2013 ett tunt halsband. Bilden \u00e4r \u00e4ven vattenm\u00e4rkt av Missing People.<\/p>\n<p><img loading=\"lazy\" decoding=\"async\" width=\"1130\" height=\"628\" src=\"https:\/\/www.europesays.com\/se\/wp-content\/uploads\/2026\/01\/fantomupp2.jpg\" alt=\"\" class=\"wp-image-22576\"   \/><a href=\"https:\/\/www.facebook.com\/MPSweden\/posts\/pfbid02GGWtEVRPmfPmabJruGCwM5a9sLtpP44xfAQhQpcsTRL1mnbDmoCXfBc1px2esYfQl\" target=\"_blank\" rel=\"noreferrer noopener nofollow\">Fr\u00e5n Missing Peoples annons.<\/a><\/p>\n<p>Halsbandet saknas p\u00e5 AI-bilden.<\/p>\n<p><img loading=\"lazy\" decoding=\"async\" width=\"1024\" height=\"653\" src=\"https:\/\/www.europesays.com\/se\/wp-content\/uploads\/2026\/01\/fantomupp1-1024x653.jpg\" alt=\"\" class=\"wp-image-22577\"   \/>Fr\u00e5n Engagingmedias bild 7 januari.<\/p>\n<p>Sidan Engagingmedias skapades 25 december och verkar vilja driva trafik och tj\u00e4na pengar p\u00e5 inneh\u00e5ll man l\u00e4gger ut i sociala medier.<\/p>\n<p>S\u00e5 h\u00e4r skriver sidan i en story som l\u00e5g ute p\u00e5 fredagen:<\/p>\n<blockquote class=\"wp-block-quote is-layout-flow wp-block-quote-is-layout-flow\">\n<p>Det \u00e4r slut p\u00e5 Swish donationer, dags f\u00f6r oss och nya akt\u00f6rer som presterar f\u00f6ruts\u00e4ttningsl\u00f6st med precision och utan att vara penga k\u00e5ta tar \u00f6ver marknaden. H\u00e5rt arbete plus talang, skarpt t\u00e4nkande<\/p>\n<p>Utdrag ur story fr\u00e5n Engagingmedias 9 januari<\/p><\/blockquote>\n<p><strong>Sammantaget<\/strong>: Parallellt med den verkliga efterlysningen sprider andra akt\u00f6rer efterlysningar med en AI-version av bilden p\u00e5 den 18-\u00e5riga flickan. Missing People uppmanar m\u00e4nniskor att dela efterlysningar direkt fr\u00e5n deras sida eftersom f\u00f6r\u00e4ndringar f\u00f6ljer med, liksom att bilden vid avslutad insats tas bort.<\/p>\n<p><strong>L\u00c4S MER: <br \/><a href=\"https:\/\/kallkritikbyran.se\/nej-det-har-ar-inte-en-akta-bild-av-maduros-fru-cilia-flores\/\" target=\"_blank\" rel=\"noreferrer noopener nofollow\">\u25ba Guide: Nej, det h\u00e4r \u00e4r inte en \u00e4kta bild av Maduros fru Cilia Flores<\/a><\/strong><br \/><a href=\"https:\/\/kallkritikbyran.se\/ai-genererad-bild-sprids-pastas-vara-imane-khelif\/\" target=\"_blank\" rel=\"noreferrer noopener nofollow\"><strong>\u25ba Guide: S\u00e5 granskar du en AI-genererad bild<\/strong><\/a><br \/><a href=\"https:\/\/kallkritikbyran.se\/stora-verktygsladan-for-viralgranskare\/\" target=\"_blank\" rel=\"noreferrer noopener nofollow\"><strong>\u25ba Stora verktygsl\u00e5dan f\u00f6r viralgranskare<\/strong><\/a><\/p>\n<p>Har du tips om andra saker du vill att vi ska granska\u00a0<a href=\"https:\/\/kallkritikbyran.se\/klicksida-spred-missing-peoples-efterlysningsbild-omgjord-med-ai\/mailto:tips@kallkritikbyran.se\" target=\"_blank\" rel=\"noreferrer noopener nofollow\"><strong>s\u00e5 h\u00f6r av dig<\/strong><\/a>!<\/p>\n","protected":false},"excerpt":{"rendered":"En AI-version av bilden p\u00e5 en f\u00f6rsvunnen 18-\u00e5ring har f\u00e5tt spridning i sociala medier. Foto: Sk\u00e4rmdump\/Facebook I Uddevalla&hellip;\n","protected":false},"author":2,"featured_media":131229,"comment_status":"","ping_status":"","sticky":false,"template":"","format":"standard","meta":{"footnotes":""},"categories":[5],"tags":[22,23,26,27,17,21,24,25,28,29,15,16,18,34,31,33,32,30,19,20],"class_list":{"0":"post-131228","1":"post","2":"type-post","3":"status-publish","4":"format-standard","5":"has-post-thumbnail","7":"category-rubriker","8":"tag-breaking-news","9":"tag-breakingnews","10":"tag-featured-news","11":"tag-featurednews","12":"tag-headlines","13":"tag-huvudnyheter","14":"tag-latest-news","15":"tag-latestnews","16":"tag-main-news","17":"tag-mainnews","18":"tag-news","19":"tag-nyheter","20":"tag-rubriker","21":"tag-se","22":"tag-svenska","23":"tag-sverige","24":"tag-sweden","25":"tag-swedish","26":"tag-top-stories","27":"tag-topstories"},"share_on_mastodon":{"url":"https:\/\/pubeurope.com\/@se\/115868939318130530","error":""},"_links":{"self":[{"href":"https:\/\/www.europesays.com\/se\/wp-json\/wp\/v2\/posts\/131228","targetHints":{"allow":["GET"]}}],"collection":[{"href":"https:\/\/www.europesays.com\/se\/wp-json\/wp\/v2\/posts"}],"about":[{"href":"https:\/\/www.europesays.com\/se\/wp-json\/wp\/v2\/types\/post"}],"author":[{"embeddable":true,"href":"https:\/\/www.europesays.com\/se\/wp-json\/wp\/v2\/users\/2"}],"replies":[{"embeddable":true,"href":"https:\/\/www.europesays.com\/se\/wp-json\/wp\/v2\/comments?post=131228"}],"version-history":[{"count":0,"href":"https:\/\/www.europesays.com\/se\/wp-json\/wp\/v2\/posts\/131228\/revisions"}],"wp:featuredmedia":[{"embeddable":true,"href":"https:\/\/www.europesays.com\/se\/wp-json\/wp\/v2\/media\/131229"}],"wp:attachment":[{"href":"https:\/\/www.europesays.com\/se\/wp-json\/wp\/v2\/media?parent=131228"}],"wp:term":[{"taxonomy":"category","embeddable":true,"href":"https:\/\/www.europesays.com\/se\/wp-json\/wp\/v2\/categories?post=131228"},{"taxonomy":"post_tag","embeddable":true,"href":"https:\/\/www.europesays.com\/se\/wp-json\/wp\/v2\/tags?post=131228"}],"curies":[{"name":"wp","href":"https:\/\/api.w.org\/{rel}","templated":true}]}}