{"id":131234,"date":"2026-01-10T05:05:14","date_gmt":"2026-01-10T05:05:14","guid":{"rendered":"https:\/\/www.europesays.com\/se\/131234\/"},"modified":"2026-01-10T05:05:14","modified_gmt":"2026-01-10T05:05:14","slug":"kvinnans-sista-ord-fickarmen-avbiten-i-vattnet","status":"publish","type":"post","link":"https:\/\/www.europesays.com\/se\/131234\/","title":{"rendered":"Kvinnans sista ord \u2013 fick\narmen avbiten i vattnet"},"content":{"rendered":"<p>Publicerad 9 jan 2026 kl 23.11Uppdaterad 10 jan kl 04.33<\/p>\n<p>Arlene Lillis var ute och simmade.<\/p>\n<p>D\u00e5 fick hon armen avbiten av en haj.<\/p>\n<p>Ryan Connot, som f\u00f6rs\u00f6kte hj\u00e4lpa 56-\u00e5ringen, h\u00f6rde hennes sista ord, skriver <a href=\"https:\/\/people.com\/minnesota-woman-dead-shark-attack-us-virgin-islands-11882162\" rel=\"nofollow noopener\" target=\"_blank\">People<\/a>.<\/p>\n<p>Senaste nyhetsklippen fr\u00e5n Expressen.<img   alt=\"\"\/><\/p>\n<p>Arlene Lillis.<\/p>\n<p>Foto: Privat<\/p>\n<p>\u00d6ppna bild i helsk\u00e4rm<img loading=\"lazy\"   alt=\"\"\/><\/p>\n<p>Den d\u00f6dliga attacken intr\u00e4ffade vid Amerikanska Jungfru\u00f6arna.<\/p>\n<p>Foto: SHUTTERSTOCK<\/p>\n<p>\u00d6ppna bild i helsk\u00e4rm<\/p>\n<p>P\u00e5 torsdagen simmade Arlene Lillis, 56, vid en strand utanf\u00f6r St Croix, den st\u00f6rsta av Amerikanska Jungfru\u00f6arna i Karibiska havet. D\u00e5 h\u00f6rde andra personer p\u00e5 platsen pl\u00f6tsligt \u201dohyggliga skrik\u201d komma fr\u00e5n vattnet.<\/p>\n<p>Christopher Carroll kastade sig ut i vattnet f\u00f6r att f\u00f6rs\u00f6ka hj\u00e4lpa Arlene.\u00a0<\/p>\n<p>\u2013 N\u00e4r jag kom fram till henne s\u00e5g jag en stor m\u00e4ngd blod i vattnet. Och sedan ins\u00e5g jag att det var n\u00e5gon sorts hajattack, s\u00e4ger Christopher.<\/p>\n<p>N\u00e4r han n\u00e5dde fram till Arlene s\u00e5g han att hennes v\u00e4nstra arm hade blivit avbiten nedanf\u00f6r armb\u00e5gen.<\/p>\n<p>\u2013 Allt k\u00f6tt var borta, s\u00e4ger Christopher.<\/p>\n<p>Arlene var \u201dblek och bl\u00e5\u201d men fortfarande vid medvetande.<\/p>\n<p>\u2013 Hon pratade. Jag f\u00f6rs\u00f6kte bara lugna henne hela tiden, s\u00e4ger Christopher.<\/p>\n<p>Hon sade till honom:<\/p>\n<p>\u2013 Jag kommer att d\u00f6.<\/p>\n<p>\u201dDet var det sista hon sade\u201d<\/p>\n<p>Han fick hj\u00e4lp av Ryan Connot som ocks\u00e5 simmade ut f\u00f6r att hj\u00e4lpa till.<\/p>\n<p>\u2013 Hon sade att hon hette Arlene. Det var n\u00e4r vi var ungef\u00e4r halvv\u00e4gs tillbaka. Jag tror att det var det sista hon sade, s\u00e4ger Ryan.<\/p>\n<p>Arlene f\u00f6rdes till sjukhus men hennes liv kunde inte r\u00e4ddas. Det \u00e4r inte k\u00e4nt vilken typ av haj som attackerade henne.<\/p>\n<p>\u201dV\u00e5ra tankar \u00e4r med offrets n\u00e4ra och k\u00e4ra, och med alla som bevittnade denna tragedi. Vi har tagit del av den information som \u00e4r k\u00e4nd i nul\u00e4get, och vi \u00e4r tacksamma mot de \u00e5sk\u00e5dare som omedelbart agerade f\u00f6r att ge hj\u00e4lp och mot r\u00e4ddningstj\u00e4nsten som arbetade snabbt och modigt f\u00f6r att f\u00f6rs\u00f6ka r\u00e4dda hennes liv\u201d, s\u00e4ger Bryan, guvern\u00f6r f\u00f6r Amerikanska Jungfru\u00f6arna, i ett skriftligt uttalande.\u00a0<\/p>\n","protected":false},"excerpt":{"rendered":"Publicerad 9 jan 2026 kl 23.11Uppdaterad 10 jan kl 04.33 Arlene Lillis var ute och simmade. D\u00e5 fick&hellip;\n","protected":false},"author":2,"featured_media":131235,"comment_status":"","ping_status":"","sticky":false,"template":"","format":"standard","meta":{"footnotes":""},"categories":[14],"tags":[22,23,26,27,17,21,24,25,28,29,15,16,18,34,55,31,33,32,30,19,20,51,52,53,54],"class_list":{"0":"post-131234","1":"post","2":"type-post","3":"status-publish","4":"format-standard","5":"has-post-thumbnail","7":"category-varlden","8":"tag-breaking-news","9":"tag-breakingnews","10":"tag-featured-news","11":"tag-featurednews","12":"tag-headlines","13":"tag-huvudnyheter","14":"tag-latest-news","15":"tag-latestnews","16":"tag-main-news","17":"tag-mainnews","18":"tag-news","19":"tag-nyheter","20":"tag-rubriker","21":"tag-se","22":"tag-sections-varlden","23":"tag-svenska","24":"tag-sverige","25":"tag-sweden","26":"tag-swedish","27":"tag-top-stories","28":"tag-topstories","29":"tag-varlden","30":"tag-world","31":"tag-world-news","32":"tag-worldnews"},"share_on_mastodon":{"url":"https:\/\/pubeurope.com\/@se\/115869065092269090","error":""},"_links":{"self":[{"href":"https:\/\/www.europesays.com\/se\/wp-json\/wp\/v2\/posts\/131234","targetHints":{"allow":["GET"]}}],"collection":[{"href":"https:\/\/www.europesays.com\/se\/wp-json\/wp\/v2\/posts"}],"about":[{"href":"https:\/\/www.europesays.com\/se\/wp-json\/wp\/v2\/types\/post"}],"author":[{"embeddable":true,"href":"https:\/\/www.europesays.com\/se\/wp-json\/wp\/v2\/users\/2"}],"replies":[{"embeddable":true,"href":"https:\/\/www.europesays.com\/se\/wp-json\/wp\/v2\/comments?post=131234"}],"version-history":[{"count":0,"href":"https:\/\/www.europesays.com\/se\/wp-json\/wp\/v2\/posts\/131234\/revisions"}],"wp:featuredmedia":[{"embeddable":true,"href":"https:\/\/www.europesays.com\/se\/wp-json\/wp\/v2\/media\/131235"}],"wp:attachment":[{"href":"https:\/\/www.europesays.com\/se\/wp-json\/wp\/v2\/media?parent=131234"}],"wp:term":[{"taxonomy":"category","embeddable":true,"href":"https:\/\/www.europesays.com\/se\/wp-json\/wp\/v2\/categories?post=131234"},{"taxonomy":"post_tag","embeddable":true,"href":"https:\/\/www.europesays.com\/se\/wp-json\/wp\/v2\/tags?post=131234"}],"curies":[{"name":"wp","href":"https:\/\/api.w.org\/{rel}","templated":true}]}}