{"id":131238,"date":"2026-01-10T05:14:07","date_gmt":"2026-01-10T05:14:07","guid":{"rendered":"https:\/\/www.europesays.com\/se\/131238\/"},"modified":"2026-01-10T05:14:07","modified_gmt":"2026-01-10T05:14:07","slug":"effektivare-fiskerikontroll-for-ett-mer-hallbart-fiske-aktuellt-havs","status":"publish","type":"post","link":"https:\/\/www.europesays.com\/se\/131238\/","title":{"rendered":"Effektivare fiskerikontroll f\u00f6r ett mer h\u00e5llbart fiske &#8211; Aktuellt &#8211; Havs"},"content":{"rendered":"<p class=\"normal\">F\u00f6r\u00e4ndringarna inf\u00f6rs stegvis. Fler regler b\u00f6rjar g\u00e4lla under 2027 och 2028.<\/p>\n<p>S\u00e5 f\u00f6r\u00e4ndras fiskerikontrollen fr\u00e5n den 10 januari 2026Nya krav p\u00e5 m\u00e4rkning av passiva redskap<\/p>\n<p class=\"normal\">Passiva redskap som anv\u00e4nds i yrkesfisket, till exempel n\u00e4t och tinor, ska m\u00e4rkas f\u00f6r att kunna identifiera vilket fartyg de tillh\u00f6r. Det inf\u00f6rs ocks\u00e5 krav p\u00e5 m\u00e4rkning av passiva redskap som anv\u00e4nds vid fritidsfiske. Syftet med m\u00e4rkningen \u00e4r att:<\/p>\n<ul class=\" hav-bullet-list--blue normal\">\n<li>\u00f6ka sp\u00e5rbarheten och m\u00f6jligheten att utkr\u00e4va ansvar f\u00f6r att motverka olagligt fiske<\/li>\n<li>minska risken f\u00f6r f\u00f6rlorade redskap och marint skr\u00e4p, som orsakar stora problem f\u00f6r m\u00e4nniskor och djur.<\/li>\n<\/ul>\n<p>T\u00e4tare positionsrapportering i och kring skyddade omr\u00e5den<\/p>\n<p class=\"normal\">Fiskefartyg ska rapportera sin position oftare n\u00e4r de befinner sig i och omkring skyddade omr\u00e5den. Det skapar f\u00f6ruts\u00e4ttningar f\u00f6r att p\u00e5 ett mer effektivt s\u00e4tt kunna kontrollera i vilken utstr\u00e4ckning fartyg befinner sig i skyddade omr\u00e5den.<\/p>\n<p>Nya krav vid import och export av vissa fiskeriprodukter<\/p>\n<p class=\"normal\">En stor m\u00e4ngd fiskeriprodukter importeras till EU. F\u00f6r att s\u00e4kerst\u00e4lla att produkterna kommer fr\u00e5n lagligt fiske finns krav p\u00e5 dokumentation och kontroll.<\/p>\n<p class=\"normal\">Fr\u00e5n den 10 januari 2026 inf\u00f6rs ett nytt EU-gemensamt IT-system f\u00f6r rapportering och kontroll av dokumentation vid import och export av vissa fiskeriprodukter. Syftet \u00e4r att effektivisera hanteringen f\u00f6r b\u00e5de myndigheter och f\u00f6retag och att kontroller genomf\u00f6rs p\u00e5 samma s\u00e4tt i hela EU.<\/p>\n<p>Tillst\u00e5nd kr\u00e4vs f\u00f6r den som v\u00e4ger f\u00e5ngst<\/p>\n<p class=\"normal\">Den som v\u00e4ger f\u00e5ngst beh\u00f6ver ans\u00f6ka om tillst\u00e5nd och godk\u00e4nnas av Havs- och vattenmyndigheten. Att etablera ett register \u00f6ver alla som v\u00e4ger f\u00e5ngst kommer att ge b\u00e4ttre f\u00f6ruts\u00e4ttningar f\u00f6r HaV att kontrollera v\u00e4gningen. Att v\u00e4gningen av f\u00e5ngst sker korrekt \u00e4r s\u00e4rskilt viktigt f\u00f6r att s\u00e4kerst\u00e4lla att r\u00e4tt m\u00e4ngd fisk r\u00e4knas av fr\u00e5n kvoterna och att s\u00e5 tillf\u00f6rlitliga data som m\u00f6jligt anv\u00e4nds av forskare n\u00e4r de g\u00f6r ber\u00e4kningar av hur olika fiskebest\u00e5nd m\u00e5r.<\/p>\n<p>Ytterligare f\u00f6r\u00e4ndringar inf\u00f6rs 2027 och 2028<\/p>\n<p class=\"normal\">Det \u00e4ndrade regelverket inf\u00f6rs stegvis f\u00f6r att ge ber\u00f6rda akt\u00f6rer och myndigheter m\u00f6jlighet att anpassa sina verksamheter.<\/p>\n<p class=\"normal\">Fr\u00e5n 2028 inf\u00f6rs bland annat:<\/p>\n<ul class=\" hav-bullet-list--blue normal\">\n<li>krav p\u00e5 elektronisk f\u00e5ngstrapportering och positionsrapportering f\u00f6r alla fartyg.<\/li>\n<li>krav p\u00e5 kameror ombord p\u00e5 vissa fartyg d\u00e4r behovet av kontroll bed\u00f6ms s\u00e4rskilt stort.<\/li>\n<\/ul>\n<p class=\"normal\">Syftet med kamerorna \u00e4r att kunna kontrollera efterlevnaden av landningsskyldigheten, det vill s\u00e4ga att all f\u00e5ngst av kvoterade arter ska dokumenteras och f\u00f6ras iland.<\/p>\n<p>F\u00f6r\u00e4ndringarna ber\u00f6r flertalet akt\u00f6rer<\/p>\n<p class=\"normal\">\u00c4ndringarna i regelverket p\u00e5verkar flera led i kedjan, fr\u00e5n f\u00e5ngst eller sk\u00f6rd till f\u00f6rs\u00e4ljning. Det inneb\u00e4r att f\u00f6ljande kan p\u00e5verkas:<\/p>\n<ul class=\" hav-bullet-list--blue normal\">\n<li>bef\u00e4lhavare och fiskelicensinnehavare<\/li>\n<li>f\u00f6rstahandsmottagare, grossister, transport\u00f6rer<\/li>\n<li>import\u00f6rer och export\u00f6rer<\/li>\n<li>fritidsfiskare i havet<\/li>\n<\/ul>\n<p class=\"normal\">I vissa fall beh\u00f6ver nya EU-regler som tr\u00e4der i kraft den 10 januari 2026 kompletteras med nationella beslut innan de kan till\u00e4mpas i Sverige. Det g\u00e4ller bland annat krav p\u00e5 registrering och rapportering av viss f\u00e5ngst fr\u00e5n fritidsfiske.<\/p>\n","protected":false},"excerpt":{"rendered":"F\u00f6r\u00e4ndringarna inf\u00f6rs stegvis. Fler regler b\u00f6rjar g\u00e4lla under 2027 och 2028. S\u00e5 f\u00f6r\u00e4ndras fiskerikontrollen fr\u00e5n den 10 januari&hellip;\n","protected":false},"author":2,"featured_media":131239,"comment_status":"","ping_status":"","sticky":false,"template":"","format":"standard","meta":{"footnotes":""},"categories":[12],"tags":[22,23,26,27,17,21,24,25,28,29,15,16,18,34,31,33,32,30,19,20],"class_list":{"0":"post-131238","1":"post","2":"type-post","3":"status-publish","4":"format-standard","5":"has-post-thumbnail","7":"category-sverige","8":"tag-breaking-news","9":"tag-breakingnews","10":"tag-featured-news","11":"tag-featurednews","12":"tag-headlines","13":"tag-huvudnyheter","14":"tag-latest-news","15":"tag-latestnews","16":"tag-main-news","17":"tag-mainnews","18":"tag-news","19":"tag-nyheter","20":"tag-rubriker","21":"tag-se","22":"tag-svenska","23":"tag-sverige","24":"tag-sweden","25":"tag-swedish","26":"tag-top-stories","27":"tag-topstories"},"share_on_mastodon":{"url":"https:\/\/pubeurope.com\/@se\/115869100444870984","error":""},"_links":{"self":[{"href":"https:\/\/www.europesays.com\/se\/wp-json\/wp\/v2\/posts\/131238","targetHints":{"allow":["GET"]}}],"collection":[{"href":"https:\/\/www.europesays.com\/se\/wp-json\/wp\/v2\/posts"}],"about":[{"href":"https:\/\/www.europesays.com\/se\/wp-json\/wp\/v2\/types\/post"}],"author":[{"embeddable":true,"href":"https:\/\/www.europesays.com\/se\/wp-json\/wp\/v2\/users\/2"}],"replies":[{"embeddable":true,"href":"https:\/\/www.europesays.com\/se\/wp-json\/wp\/v2\/comments?post=131238"}],"version-history":[{"count":0,"href":"https:\/\/www.europesays.com\/se\/wp-json\/wp\/v2\/posts\/131238\/revisions"}],"wp:featuredmedia":[{"embeddable":true,"href":"https:\/\/www.europesays.com\/se\/wp-json\/wp\/v2\/media\/131239"}],"wp:attachment":[{"href":"https:\/\/www.europesays.com\/se\/wp-json\/wp\/v2\/media?parent=131238"}],"wp:term":[{"taxonomy":"category","embeddable":true,"href":"https:\/\/www.europesays.com\/se\/wp-json\/wp\/v2\/categories?post=131238"},{"taxonomy":"post_tag","embeddable":true,"href":"https:\/\/www.europesays.com\/se\/wp-json\/wp\/v2\/tags?post=131238"}],"curies":[{"name":"wp","href":"https:\/\/api.w.org\/{rel}","templated":true}]}}