{"id":131248,"date":"2026-01-10T05:22:06","date_gmt":"2026-01-10T05:22:06","guid":{"rendered":"https:\/\/www.europesays.com\/se\/131248\/"},"modified":"2026-01-10T05:22:06","modified_gmt":"2026-01-10T05:22:06","slug":"har-har-skidsparen-oppnat-i-stockholm","status":"publish","type":"post","link":"https:\/\/www.europesays.com\/se\/131248\/","title":{"rendered":"H\u00e4r har skidsp\u00e5ren \u00f6ppnat i Stockholm"},"content":{"rendered":"<p class=\"ort\">Stockholm<\/p>\n<p class=\"text\">Sedan ny\u00e5r har sn\u00f6n bara fortsatt att falla \u2013 hittills har januari bjudit p\u00e5 <a target=\"_blank\" rel=\"noopener nofollow\" href=\"https:\/\/www.mitti.se\/nyheter\/rekordmycket-sno-i-stockholm--varsta-januarismockan-sedan-2017-6.3.338532.ba1b63a8a0\">sn\u00f6rekord i Stockholm<\/a>.<\/p>\n<p class=\"text\">Det har gjort det m\u00f6jligt f\u00f6r flera l\u00e4ngdskidsp\u00e5r runt om i Stockholm att dras och \u00f6ppna f\u00f6r \u00e5k. Och fler ska det bli.<\/p>\n<p class=\"text\">\u2013 Just nu arbetar vi intensivt med att dra skidsp\u00e5r i natursn\u00f6n och jobbar samtidigt med att f\u00e4rdigst\u00e4lla konstsn\u00f6sp\u00e5ren s\u00e5 att stockholmarna ska kunna \u00e5ka skidor, s\u00e4ger Johan Heinonen (S), idrottsn\u00e4mndens ordf\u00f6rande i Stockholms stad.  <\/p>\n<p class=\"text\">\u00c4n \u00e4r dock inte konstsn\u00f6sp\u00e5ren i \u00c5gesta och Stadion \u00f6ppna \u2013 men \u00e4ven de \u00e4r p\u00e5 g\u00e5ng.<\/p>\n<p class=\"text\">\u2013 Vi f\u00e5r m\u00e5nga fr\u00e5gor om varf\u00f6r \u00c5gesta inte kan \u00f6ppna sp\u00e5ren nu n\u00e4r sn\u00f6n kommit \u2013 men vi beh\u00f6ver m\u00e5nga dagar, cirka 10-14 dagars ih\u00e5llande kyla f\u00f6r att f\u00f6rst producera all sn\u00f6 som beh\u00f6vs f\u00f6r det fyra kilometer l\u00e5nga sp\u00e5ret, s\u00e4ger Robert Sk\u00f6ld, avdelningschef f\u00f6r idrottsverksamhet utomhus p\u00e5 idrottsf\u00f6rvaltningen.<\/p>\n<p class=\"text\">Ifall du \u00e4r sugen p\u00e5 att ge dig ut och \u00e5ka i helgen men saknar l\u00e4ngdskidor \u2013 s\u00e5 finns utrustning att l\u00e5na gratis p\u00e5 Fritidsbanker och Fritidsbibliotek runt om i staden.<\/p>\n<p class=\"faktarubrik\">H\u00e4r kan du \u00e5ka l\u00e4ngd<\/p>\n<p class=\"fakta\">G\u00e4rdet, b\u00e5de klassiska och skejtsp\u00e5r.<\/p>\n<p class=\"fakta\">Nackareservatet, klassiska sp\u00e5r i omr\u00e5det runt Bj\u00f6rkhagen och K\u00e4rrtorp, samt de s\u00e5 kallade \u201dJ\u00e4rlasp\u00e5ren\u201d med utg\u00e5ngspunkt fr\u00e5n Hellasg\u00e5rden.<\/p>\n<p class=\"fakta\">\u00c5gesta golfbana, klassiskt och skejt.<\/p>\n<p class=\"fakta\">Gubb\u00e4ngsf\u00e4ltet.<\/p>\n<p class=\"fakta\">F\u00e4ltet bredvid Sp\u00e5nga IP.<\/p>\n<p class=\"fakta\">Tengdahlparken och Drakenbergsparken p\u00e5 S\u00f6dermalm (kortare slingor).<\/p>\n<p class=\"fakta\">Bred\u00e4ngssp\u00e5ret i Sk\u00e4rholmen.<\/p>\n<p class=\"fakta\">P\u00e5 <a target=\"_blank\" rel=\"noopener nofollow\" href=\"https:\/\/motionera.stockholm\/fler-mojligheter-for-rorelse\/fritidsbibliotek\/\">Stockholms stads hemsida<\/a> kan du kolla upp var det finns m\u00f6jlgihet att l\u00e5na skidutrustning.<\/p>\n<p class=\"fakta\">Skicket p\u00e5 sp\u00e5ren kan variera.<\/p>\n<p class=\"faktakalla\">K\u00e4lla: Stockholms stad<\/p>\n","protected":false},"excerpt":{"rendered":"Stockholm Sedan ny\u00e5r har sn\u00f6n bara fortsatt att falla \u2013 hittills har januari bjudit p\u00e5 sn\u00f6rekord i Stockholm.&hellip;\n","protected":false},"author":2,"featured_media":131249,"comment_status":"","ping_status":"","sticky":false,"template":"","format":"standard","meta":{"footnotes":""},"categories":[12],"tags":[22,23,26,27,17,21,24,25,28,29,15,16,18,34,31,33,32,30,19,20],"class_list":{"0":"post-131248","1":"post","2":"type-post","3":"status-publish","4":"format-standard","5":"has-post-thumbnail","7":"category-sverige","8":"tag-breaking-news","9":"tag-breakingnews","10":"tag-featured-news","11":"tag-featurednews","12":"tag-headlines","13":"tag-huvudnyheter","14":"tag-latest-news","15":"tag-latestnews","16":"tag-main-news","17":"tag-mainnews","18":"tag-news","19":"tag-nyheter","20":"tag-rubriker","21":"tag-se","22":"tag-svenska","23":"tag-sverige","24":"tag-sweden","25":"tag-swedish","26":"tag-top-stories","27":"tag-topstories"},"share_on_mastodon":{"url":"https:\/\/pubeurope.com\/@se\/115869131914742051","error":""},"_links":{"self":[{"href":"https:\/\/www.europesays.com\/se\/wp-json\/wp\/v2\/posts\/131248","targetHints":{"allow":["GET"]}}],"collection":[{"href":"https:\/\/www.europesays.com\/se\/wp-json\/wp\/v2\/posts"}],"about":[{"href":"https:\/\/www.europesays.com\/se\/wp-json\/wp\/v2\/types\/post"}],"author":[{"embeddable":true,"href":"https:\/\/www.europesays.com\/se\/wp-json\/wp\/v2\/users\/2"}],"replies":[{"embeddable":true,"href":"https:\/\/www.europesays.com\/se\/wp-json\/wp\/v2\/comments?post=131248"}],"version-history":[{"count":0,"href":"https:\/\/www.europesays.com\/se\/wp-json\/wp\/v2\/posts\/131248\/revisions"}],"wp:featuredmedia":[{"embeddable":true,"href":"https:\/\/www.europesays.com\/se\/wp-json\/wp\/v2\/media\/131249"}],"wp:attachment":[{"href":"https:\/\/www.europesays.com\/se\/wp-json\/wp\/v2\/media?parent=131248"}],"wp:term":[{"taxonomy":"category","embeddable":true,"href":"https:\/\/www.europesays.com\/se\/wp-json\/wp\/v2\/categories?post=131248"},{"taxonomy":"post_tag","embeddable":true,"href":"https:\/\/www.europesays.com\/se\/wp-json\/wp\/v2\/tags?post=131248"}],"curies":[{"name":"wp","href":"https:\/\/api.w.org\/{rel}","templated":true}]}}