{"id":131256,"date":"2026-01-10T05:31:15","date_gmt":"2026-01-10T05:31:15","guid":{"rendered":"https:\/\/www.europesays.com\/se\/131256\/"},"modified":"2026-01-10T05:31:15","modified_gmt":"2026-01-10T05:31:15","slug":"den-forsvunna-18-aringens-klader-hittade","status":"publish","type":"post","link":"https:\/\/www.europesays.com\/se\/131256\/","title":{"rendered":"Den f\u00f6rsvunna 18-\u00e5ringens kl\u00e4der hittade"},"content":{"rendered":"<p>Sedan kvinnan, som \u00e4r 18 \u00e5r, anm\u00e4ldes f\u00f6rsvunnen p\u00e5 tisdagseftermiddagen har en stor skara m\u00e4nniskor hj\u00e4lpt till i polisens s\u00f6kande. Hon s\u00e5gs senast den 6 januari i centrala Uddevalla.<\/p>\n<p>P\u00e5 onsdagen hittade polisen kl\u00e4desplagg efter ett tips fr\u00e5n allm\u00e4nheten. Man trodde att det eventuellt kunde vara kvinnans.<\/p>\n<p>Senare, p\u00e5 fredagen, kan polisen bekr\u00e4fta att kl\u00e4desplaggen som legat i ett skogsomr\u00e5de tillh\u00f6r henne.<\/p>\n<p>\u2013 Vi vet att kl\u00e4derna tillh\u00f6r den f\u00f6rsvunna kvinnan. Jag kan inte g\u00e5 in p\u00e5 vad det \u00e4r f\u00f6r kl\u00e4der, men man har hittat kl\u00e4despersedlar i omr\u00e5det och det \u00e4r d\u00e4rf\u00f6r vi \u00e4r i detta omr\u00e5de och s\u00f6ker, s\u00e4ger presstalespersonen i region V\u00e4st, Thomas Fuxborg.<\/p>\n<p><strong>Om det \u00e4r ett eller flera plagg<\/strong> vill polisen inte g\u00e5 n\u00e4rmare in p\u00e5. Polisen har inte gjort n\u00e5gra fler fynd ut\u00f6ver kl\u00e4derna.<\/p>\n<p>Stora omr\u00e5den kommer fram\u00f6ver att handskottas f\u00f6r att se till att inget ligger under sn\u00f6n, enligt TT.<\/p>\n<p><strong>Polisen meddelar att<\/strong> de inlett en f\u00f6runders\u00f6kning g\u00e4llande mord.<\/p>\n<p>\u2013 Det \u00e4r en ren teknikalitet. Det \u00e4r ingenting i nul\u00e4get som tyder p\u00e5 n\u00e5got brott. Vi inleder en f\u00f6runders\u00f6kning f\u00f6r att f\u00e5 tillg\u00e5ng till en verktygsl\u00e5da som vi inte f\u00e5r i vanliga fall.<\/p>\n<p>Polisen f\u00e5r nu bland annat anv\u00e4nda tv\u00e5ngsmedel f\u00f6r att komma fram\u00e5t i utredningen. Beslutet att inleda mordutredningen kommer efter flera dagars s\u00f6kande.<\/p>\n<p>\u2013 F\u00f6rr eller senare s\u00e5 f\u00e5r vi sl\u00e4cka ner s\u00f6kinsatsen \u2013 n\u00e4r vi finner att det inte finns n\u00e5gon chans att hitta henne vid liv, s\u00e4ger Fuxborg.<\/p>\n<p>I s\u00f6kinsatsen har \u00e4ven organisationen Missing people, F\u00f6rsvarsmakten och andra frivilliga deltagit.<\/p>\n<p>Polisen har g\u00e5tt ut med en bild och signalement p\u00e5 kvinnan, och uppmanar allm\u00e4nheten att h\u00f6ra av sig med eventuella tips.<\/p>\n","protected":false},"excerpt":{"rendered":"Sedan kvinnan, som \u00e4r 18 \u00e5r, anm\u00e4ldes f\u00f6rsvunnen p\u00e5 tisdagseftermiddagen har en stor skara m\u00e4nniskor hj\u00e4lpt till i&hellip;\n","protected":false},"author":2,"featured_media":24059,"comment_status":"","ping_status":"","sticky":false,"template":"","format":"standard","meta":{"footnotes":""},"categories":[12],"tags":[22,23,26,27,17,21,24,25,28,29,15,16,18,34,31,33,32,30,19,20],"class_list":{"0":"post-131256","1":"post","2":"type-post","3":"status-publish","4":"format-standard","5":"has-post-thumbnail","7":"category-sverige","8":"tag-breaking-news","9":"tag-breakingnews","10":"tag-featured-news","11":"tag-featurednews","12":"tag-headlines","13":"tag-huvudnyheter","14":"tag-latest-news","15":"tag-latestnews","16":"tag-main-news","17":"tag-mainnews","18":"tag-news","19":"tag-nyheter","20":"tag-rubriker","21":"tag-se","22":"tag-svenska","23":"tag-sverige","24":"tag-sweden","25":"tag-swedish","26":"tag-top-stories","27":"tag-topstories"},"share_on_mastodon":{"url":"https:\/\/pubeurope.com\/@se\/115869167278124753","error":""},"_links":{"self":[{"href":"https:\/\/www.europesays.com\/se\/wp-json\/wp\/v2\/posts\/131256","targetHints":{"allow":["GET"]}}],"collection":[{"href":"https:\/\/www.europesays.com\/se\/wp-json\/wp\/v2\/posts"}],"about":[{"href":"https:\/\/www.europesays.com\/se\/wp-json\/wp\/v2\/types\/post"}],"author":[{"embeddable":true,"href":"https:\/\/www.europesays.com\/se\/wp-json\/wp\/v2\/users\/2"}],"replies":[{"embeddable":true,"href":"https:\/\/www.europesays.com\/se\/wp-json\/wp\/v2\/comments?post=131256"}],"version-history":[{"count":0,"href":"https:\/\/www.europesays.com\/se\/wp-json\/wp\/v2\/posts\/131256\/revisions"}],"wp:featuredmedia":[{"embeddable":true,"href":"https:\/\/www.europesays.com\/se\/wp-json\/wp\/v2\/media\/24059"}],"wp:attachment":[{"href":"https:\/\/www.europesays.com\/se\/wp-json\/wp\/v2\/media?parent=131256"}],"wp:term":[{"taxonomy":"category","embeddable":true,"href":"https:\/\/www.europesays.com\/se\/wp-json\/wp\/v2\/categories?post=131256"},{"taxonomy":"post_tag","embeddable":true,"href":"https:\/\/www.europesays.com\/se\/wp-json\/wp\/v2\/tags?post=131256"}],"curies":[{"name":"wp","href":"https:\/\/api.w.org\/{rel}","templated":true}]}}