{"id":131257,"date":"2026-01-10T05:37:45","date_gmt":"2026-01-10T05:37:45","guid":{"rendered":"https:\/\/www.europesays.com\/se\/131257\/"},"modified":"2026-01-10T05:37:45","modified_gmt":"2026-01-10T05:37:45","slug":"inflationen-lagre-an-vantat-placera-se","status":"publish","type":"post","link":"https:\/\/www.europesays.com\/se\/131257\/","title":{"rendered":"Inflationen l\u00e4gre \u00e4n v\u00e4ntat | Placera.se"},"content":{"rendered":"<p class=\"font-sans text-base text-text-main dark:text-text-main-dark font-normal leading-[1.4]\">Den prelimin\u00e4ra inflationstakten kom in p\u00e5 2,1% enligt KPIF i december, fr\u00e5n f\u00f6rra m\u00e5nadens 2,3%. Det enligt f\u00e4rska siffror fr\u00e5n <strong>SCB<\/strong>. KPIF exklusive energi var 2,3%, fr\u00e5n novembers 2,4%.<br class=\"col-start-2\"\/>KPI landade p\u00e5 0,3%, of\u00f6r\u00e4ndrat fr\u00e5n f\u00f6rra m\u00e5naden. Bloombergs analytikerkonsensus v\u00e4ntade en \u00f6kning p\u00e5 0,5%.<\/p>\n<p class=\"font-sans text-base text-text-main dark:text-text-main-dark font-normal leading-[1.4]\">&#8221;Inflationstakten enligt KPI var of\u00f6r\u00e4ndrad i december medan inflationstakten enligt KPIF och KPIF-XE sj\u00f6nk visar prelimin\u00e4ra ber\u00e4kningar&#8221;, s\u00e4ger <strong>Mikael Nordin<\/strong>, prisstatistiker p\u00e5 SCB.\u00a0<\/p>\n<p class=\"font-sans text-base text-text-main dark:text-text-main-dark font-normal leading-[1.4]\"><a class=\"text-primary-90 underline hover:text-primary-110 hover:no-underline\" rel=\"noopener noreferrer nofollow\" target=\"_blank\" href=\"https:\/\/www.placera.se\/undefined\/nordea-spar-fortsatt-fall-i-svensk-inflation-i-december-2026-01-05\"><strong>Nordea<\/strong> r\u00e4knade med en inflationstakt<\/a> enligt KPIF p\u00e5 2,2% i december, och bed\u00f6mde samtidigt att KPIF exklusive energi skulle ha stigit till 2,6%, drivet av baseffekter samt h\u00f6gre priser p\u00e5 varor, livsmedel och utlandsresor.<\/p>\n","protected":false},"excerpt":{"rendered":"Den prelimin\u00e4ra inflationstakten kom in p\u00e5 2,1% enligt KPIF i december, fr\u00e5n f\u00f6rra m\u00e5nadens 2,3%. Det enligt f\u00e4rska&hellip;\n","protected":false},"author":2,"featured_media":96889,"comment_status":"","ping_status":"","sticky":false,"template":"","format":"standard","meta":{"footnotes":""},"categories":[65],"tags":[72,70,71,328,34,31,33,32,30],"class_list":{"0":"post-131257","1":"post","2":"type-post","3":"status-publish","4":"format-standard","5":"has-post-thumbnail","7":"category-ekonomi","8":"tag-business","9":"tag-economy","10":"tag-ekonomi","11":"tag-inflation","12":"tag-se","13":"tag-svenska","14":"tag-sverige","15":"tag-sweden","16":"tag-swedish"},"share_on_mastodon":{"url":"https:\/\/pubeurope.com\/@se\/115869190905720951","error":""},"_links":{"self":[{"href":"https:\/\/www.europesays.com\/se\/wp-json\/wp\/v2\/posts\/131257","targetHints":{"allow":["GET"]}}],"collection":[{"href":"https:\/\/www.europesays.com\/se\/wp-json\/wp\/v2\/posts"}],"about":[{"href":"https:\/\/www.europesays.com\/se\/wp-json\/wp\/v2\/types\/post"}],"author":[{"embeddable":true,"href":"https:\/\/www.europesays.com\/se\/wp-json\/wp\/v2\/users\/2"}],"replies":[{"embeddable":true,"href":"https:\/\/www.europesays.com\/se\/wp-json\/wp\/v2\/comments?post=131257"}],"version-history":[{"count":0,"href":"https:\/\/www.europesays.com\/se\/wp-json\/wp\/v2\/posts\/131257\/revisions"}],"wp:featuredmedia":[{"embeddable":true,"href":"https:\/\/www.europesays.com\/se\/wp-json\/wp\/v2\/media\/96889"}],"wp:attachment":[{"href":"https:\/\/www.europesays.com\/se\/wp-json\/wp\/v2\/media?parent=131257"}],"wp:term":[{"taxonomy":"category","embeddable":true,"href":"https:\/\/www.europesays.com\/se\/wp-json\/wp\/v2\/categories?post=131257"},{"taxonomy":"post_tag","embeddable":true,"href":"https:\/\/www.europesays.com\/se\/wp-json\/wp\/v2\/tags?post=131257"}],"curies":[{"name":"wp","href":"https:\/\/api.w.org\/{rel}","templated":true}]}}