{"id":131258,"date":"2026-01-10T05:39:21","date_gmt":"2026-01-10T05:39:21","guid":{"rendered":"https:\/\/www.europesays.com\/se\/131258\/"},"modified":"2026-01-10T05:39:21","modified_gmt":"2026-01-10T05:39:21","slug":"lonegolvet-slar-hart-mot-hennes-restaurang-slag-i-ansiktet","status":"publish","type":"post","link":"https:\/\/www.europesays.com\/se\/131258\/","title":{"rendered":"L\u00f6negolvet sl\u00e5r h\u00e5rt mot hennes restaurang \u2013 \u201dSlag i ansiktet\u201d"},"content":{"rendered":"<p>\t\t\t\t\t<a href=\"https:\/\/www.tn.se\/arbetskraftsinvandring\/\" rel=\"nofollow noopener\" target=\"_blank\"><br \/>\n\t\t\t\tARBETSKRAFTSINVANDRING<br \/>\n\t\t\t<\/a><\/p>\n<p>\t\t\t\t<img decoding=\"async\" class=\"figure-img img-fluid\"  src=\"https:\/\/www.europesays.com\/se\/wp-content\/uploads\/2026\/01\/1768023561_707_bilder.tn.se.jpeg\" alt=\"\" itemprop=\"image\"\/><\/p>\n<p>\t\t\t\t\t\t\t\t\tMigrationsminister Johan Forssell (M).<br \/>\n\t\t\t\t\t\t\t\t\t\t\t\t\tBild:<br \/>\n\t\t\t\t\tJessica Gow\/TT<\/p>\n<p class=\"ew-preamble\" itemprop=\"description\">Regeringens l\u00f6negolv vid arbetskraftsinvandring st\u00e4ller till problem f\u00f6r Kanya Tipmung, som driver flera restauranger i Mellerud, rapporterar Melleruds Nyheter.<\/p>\n<p>\n\t\tPublicerad:<br \/>\n\t\t9 jan 2026, 16:00\n\t<\/p>\n<p class=\"ew-body\">Kanya Tipmung i Mellerud s\u00f6ker regelbundet kockar specialiserade p\u00e5 thaimat. Hon \u00e4r kritisk till kravet p\u00e5 90 procent av en svensk medianinkomst f\u00f6r att f\u00e5 anst\u00e4lla personer fr\u00e5n tredje land.<\/p>\n<p class=\"ew-body\">\u2013 Det blir ett slag i ansiktet p\u00e5 de som redan \u00e4r jobbar hos mig att det kommer nya anst\u00e4llda med s\u00e5 h\u00f6g ing\u00e5ngsl\u00f6n, s\u00e4ger Kanya Tipmung till Melleruds Nyheter.<\/p>\n<p class=\"ew-body\">Under \u00e5ren som restaurang\u00e4gare har hon flera g\u00e5nger haft kontakt med myndigheter f\u00f6r att kunna anst\u00e4llda kockar specialiserade p\u00e5 thaimat.<\/p>\n<p class=\"ew-body\">\u2013 De b\u00e4sta finns av naturliga sk\u00e4l i Thailand och \u00e4r mycket efterfr\u00e5gade. Konkurrensen om dem \u00e4r stor, s\u00e4ger hon till tidningen.<\/p>\n<p class=\"ew-body\"><a href=\"https:\/\/www.mellerudsnyheter.se\/nyheter\/mellerud\/nya-loneregler-slar-hart-mot-kanyas-ett-slag-i-ansiktet.ebf5a8da-d9e7-4e4b-ba33-8d41eeaab311\" id=\"link-786d81c25d3972abee5a654eb960fce3\" target=\"_blank\" rel=\"nofollow noopener\">Melleruds Nyheter: Nya l\u00f6neregler sl\u00e5r h\u00e5rt mot Kanyas: \u201dEtt slag i ansiktet\u201d<\/a><\/p>\n<p>\n\t\tPublicerad:<br \/>\n\t\t9 jan 2026, 16:00\n\t<\/p>\n","protected":false},"excerpt":{"rendered":"ARBETSKRAFTSINVANDRING Migrationsminister Johan Forssell (M). Bild: Jessica Gow\/TT Regeringens l\u00f6negolv vid arbetskraftsinvandring st\u00e4ller till problem f\u00f6r Kanya Tipmung,&hellip;\n","protected":false},"author":2,"featured_media":131259,"comment_status":"","ping_status":"","sticky":false,"template":"","format":"standard","meta":{"footnotes":""},"categories":[12],"tags":[22,23,26,27,17,21,24,25,28,29,15,16,18,34,31,33,32,30,19,20],"class_list":{"0":"post-131258","1":"post","2":"type-post","3":"status-publish","4":"format-standard","5":"has-post-thumbnail","7":"category-sverige","8":"tag-breaking-news","9":"tag-breakingnews","10":"tag-featured-news","11":"tag-featurednews","12":"tag-headlines","13":"tag-huvudnyheter","14":"tag-latest-news","15":"tag-latestnews","16":"tag-main-news","17":"tag-mainnews","18":"tag-news","19":"tag-nyheter","20":"tag-rubriker","21":"tag-se","22":"tag-svenska","23":"tag-sverige","24":"tag-sweden","25":"tag-swedish","26":"tag-top-stories","27":"tag-topstories"},"share_on_mastodon":{"url":"https:\/\/pubeurope.com\/@se\/115869198780897140","error":""},"_links":{"self":[{"href":"https:\/\/www.europesays.com\/se\/wp-json\/wp\/v2\/posts\/131258","targetHints":{"allow":["GET"]}}],"collection":[{"href":"https:\/\/www.europesays.com\/se\/wp-json\/wp\/v2\/posts"}],"about":[{"href":"https:\/\/www.europesays.com\/se\/wp-json\/wp\/v2\/types\/post"}],"author":[{"embeddable":true,"href":"https:\/\/www.europesays.com\/se\/wp-json\/wp\/v2\/users\/2"}],"replies":[{"embeddable":true,"href":"https:\/\/www.europesays.com\/se\/wp-json\/wp\/v2\/comments?post=131258"}],"version-history":[{"count":0,"href":"https:\/\/www.europesays.com\/se\/wp-json\/wp\/v2\/posts\/131258\/revisions"}],"wp:featuredmedia":[{"embeddable":true,"href":"https:\/\/www.europesays.com\/se\/wp-json\/wp\/v2\/media\/131259"}],"wp:attachment":[{"href":"https:\/\/www.europesays.com\/se\/wp-json\/wp\/v2\/media?parent=131258"}],"wp:term":[{"taxonomy":"category","embeddable":true,"href":"https:\/\/www.europesays.com\/se\/wp-json\/wp\/v2\/categories?post=131258"},{"taxonomy":"post_tag","embeddable":true,"href":"https:\/\/www.europesays.com\/se\/wp-json\/wp\/v2\/tags?post=131258"}],"curies":[{"name":"wp","href":"https:\/\/api.w.org\/{rel}","templated":true}]}}