{"id":131260,"date":"2026-01-10T05:47:11","date_gmt":"2026-01-10T05:47:11","guid":{"rendered":"https:\/\/www.europesays.com\/se\/131260\/"},"modified":"2026-01-10T05:47:11","modified_gmt":"2026-01-10T05:47:11","slug":"vandningen-familjen-slipper-riva-attefallshuset","status":"publish","type":"post","link":"https:\/\/www.europesays.com\/se\/131260\/","title":{"rendered":"V\u00e4ndningen: Familjen slipper riva attefallshuset"},"content":{"rendered":"<p class=\"ort\">Sm\u00e5dalar\u00f6<\/p>\n<p class=\"text\">I flera \u00e5r har paret Inga-Lill och Bo Ragnar p\u00e5 Sm\u00e5dalar\u00f6 legat i tvist med Haninge kommun om sitt attefallshus.<\/p>\n<p class=\"text\">Orsaken \u00e4r att huset, som stod klart 2021, stod 34 centimeter f\u00f6r n\u00e4ra tomtgr\u00e4nsen. F\u00f6retaget som byggt huset tog p\u00e5 sig misstaget men hade under tiden g\u00e5tt i konkurs. Sedan dess har familjen f\u00f6rs\u00f6kt hitta ett f\u00f6retag som kan flytta p\u00e5 det, men inte lyckats.<\/p>\n<p class=\"text\">I december 2023 kom beskedet fr\u00e5n kommunen att huset m\u00e5ste rivas. Sedan dess har kommunen st\u00e5tt p\u00e5 sig och i februari i fjol fick kommunen r\u00e4tt av L\u00e4nsstyrelsen.<\/p>\n<p class=\"text\">Familjen har tagit hj\u00e4lp av Centrum f\u00f6r r\u00e4ttvisa f\u00f6r att <a target=\"_blank\" rel=\"noopener nofollow\" href=\"https:\/\/www.mitti.se\/nyheter\/kommunen-far-ratt--familjens-attefallshus-ska-bort-6.3.278077.a072846bd8\">\u00f6verklaga till mark- och milj\u00f6domstolen.<\/a><\/p>\n<p class=\"text\">Men nu backa kommunen.<\/p>\n<p class=\"text\">\u2013 Vi \u00e4r v\u00e4ldigt glada. Det har varit fruktansv\u00e4rt f\u00f6r oss i fem \u00e5rs tid. De f\u00f6rsta veckorna vaknade jag p\u00e5 n\u00e4tterna av att Inga-Lill gr\u00e4t, s\u00e4ger Bo Ragnar.<\/p>\n<p>Ny lagstiftning<\/p>\n<p class=\"text\">Anledningen \u00e4r de nya reglerna kring byggnation av attefallshus som tr\u00e4dde i kraft 1 december 2025. <\/p>\n<p class=\"text\">Tillsammans med Centrum f\u00f6r r\u00e4ttvisa l\u00e4mnade familjen in en ny ans\u00f6kan till kommunen utifr\u00e5n den nya lagstiftningen. Nu i januari skulle \u00e4rendet upp till f\u00f6rhandling. I st\u00e4llet kom ett slutbesked p\u00e5 torsdagen att allt \u00e4r godk\u00e4nt enligt de nya reglerna.<\/p>\n<p class=\"text\">Enligt Erik Scherst\u00e9n p\u00e5 Centrum f\u00f6r r\u00e4ttvisa tydligg\u00f6r den nya lagstiftningen att attefallshus som placerats f\u00f6r n\u00e4ra allm\u00e4n mark inte ska beh\u00f6va rivas, om det godk\u00e4nns av huvudmannen. I familjen Ragnars fall \u00e4r det samf\u00e4lligheten som har godk\u00e4nt.<\/p>\n<p class=\"text\">\u2013 Nu kan familjen \u00e4ntligen b\u00f6rja anv\u00e4nda sitt hus. Men det \u00e4r orimligt att det dragit ut s\u00e5 mycket p\u00e5 tiden. Det h\u00e4r beslutet borde man ha fattat fr\u00e5n f\u00f6rsta b\u00f6rjan. Det har aldrig funnits ett sk\u00e4l till att det h\u00e4r huset ska rivas, och det \u00e4r bra att kommunen nu backar och h\u00e5ller med om det, s\u00e4ger han.<\/p>\n<p class=\"text\">Enligt Martin Str\u00f6mvall (KD), ordf\u00f6rande i stadsbyggnadsn\u00e4mnden, grundar sig beslutet helt i de nya reglerna.<\/p>\n<p class=\"text\">\u2013 Enligt de tidigare reglerna fanns det inte m\u00f6jlighet att g\u00f6ra undantag vad g\u00e4ller attefallshus. Nu har det skett en f\u00f6r\u00e4ndring i regelverket p\u00e5 nationell niv\u00e5 som g\u00f6r att det h\u00e4r nu \u00e4r enligt lagstiftningen. <\/p>\n<p class=\"text\">Han ser inte att det har skett n\u00e5got fel i den fem\u00e5riga processen. <\/p>\n<p class=\"text\">\u2013 Vi har f\u00f6ljt lagstiftningen och n\u00e4r det h\u00e4r har pr\u00f6vats i h\u00f6gre instanser s\u00e5 har det visat sig att vi har tagit r\u00e4tt beslut. Vi m\u00e5ste f\u00f6rh\u00e5lla oss till de lagar som finns.<\/p>\n<p><img decoding=\"async\" class=\"Image Image_\" src=\"\" data-aghref=\"http:\/\/www.mitti.se\/image-3.270928.271618.20260109175332.1965b28b10\" data-agimagetype=\"hardcrop\" alt=\"Inga-Lill Ragnar och sonen Ola Liljemark Ragnar har k\u00e4mpat mot kommunen i fem \u00e5rs tid.\"\/><\/p>\n<p class=\"Caption\">Inga-Lill Ragnar och sonen Ola Liljemark Ragnar har k\u00e4mpat mot kommunen i fem \u00e5rs tid.<\/p>\n<p class=\"Source\">Johannes \u00c4ng<\/p>\n<p class=\"text\">Parets son Ola Liljemark Ragnar, som ihop med sin familj ska anv\u00e4nda attefallshuset n\u00e4r de \u00e4r p\u00e5 bes\u00f6k, ber\u00e4ttar att beslutet lett till blandade k\u00e4nslor.<\/p>\n<p class=\"text\">\u2013 Det \u00e4r bra att vi kommer kunna anv\u00e4nda det. Samtidigt tycker jag att kommunen kunde ha handlagt det annorlunda. Det var ett fel som begicks av en entrepren\u00f6r och att vi skulle beh\u00f6va v\u00e4nta i fem \u00e5r tycker jag \u00e4r helt orimligt. Men vi \u00e4r glada att vi f\u00e5r ett slut p\u00e5 det h\u00e4r och att vi inte beh\u00f6ver riva det.<\/p>\n<p class=\"text\">Enligt Bo Ragnar har familjen firat med pizza och bubbel.<\/p>\n<p class=\"text\">\u2013 Vi jublade h\u00e4r, s\u00e4ger han.<\/p>\n<p><img decoding=\"async\" class=\"Image Image_\" src=\"\" data-aghref=\"http:\/\/www.mitti.se\/image-3.270932.271618.20260109175332.7d5f99a68a\" data-agimagetype=\"hardcrop\" alt=\"34 centimeter har tvisten med kommunen handlat om.\"\/><\/p>\n<p class=\"Caption\">34 centimeter har tvisten med kommunen handlat om.<\/p>\n<p class=\"Source\">Johannes \u00c4ng<\/p>\n<p>Familjen Ragnar p\u00e5 Sm\u00e5dalar\u00f6 vill ha ett attefallshus d\u00e4r barnen kan bo n\u00e4r de bes\u00f6ker f\u00f6r\u00e4ldrarna.De anlitade en firma och gjorde allt r\u00e4tt \u2013 \u00e4nd\u00e5 blev det s\u00e5 fel. Efter flera turer med kommunen st\u00e5r familjen nu inf\u00f6r en rivning.<\/p>\n<p class=\"text\">I bl\u00e5sten leder Inga-Lill Ragnar Mitt i \u00f6ver sin tomt ner till ett oanv\u00e4nt attefallshus.<\/p>\n<p class=\"text\">Inga-Lill och hennes man Bo Ragnars barn kommer ofta och hj\u00e4lper dem med tomten eller firar h\u00f6gtider och semestrar i deras hus p\u00e5 Sm\u00e5dalar\u00f6. \u00c5r 2021 best\u00e4mde sig paret f\u00f6r att bygga attefallshuset s\u00e5 att barnen med familj kan sova \u00f6ver.<\/p>\n<p><img decoding=\"async\" class=\"Image Image_\" src=\"\" data-aghref=\"http:\/\/www.mitti.se\/image-3.270929.159142.20240131110826.169c53c9cd\" data-agimagetype=\"hardcrop\" alt=\"\"\/><\/p>\n<p class=\"Source\">Johannes \u00c4ng<\/p>\n<p class=\"text\">Men tre \u00e5r senare st\u00e5r det lilla r\u00f6da huset fortfarande igenbommat och oanv\u00e4nt i vinterrusket. Anledningen \u00e4r en tvist med kommunen \u00f6ver 34 centimeter.<\/p>\n<p class=\"text\">\u2013 Vi vill kunna vara h\u00e4r tillsammans och nu st\u00e5r det bara tomt, s\u00e4ger Inga-Lill Ragnar.<\/p>\n<p class=\"text\">Attefallshus m\u00e5ste placeras minst 4,5 meter fr\u00e5n tomtgr\u00e4nsen. Familjen anlitade ett f\u00f6retag f\u00f6r att bygga huset och enligt ritningarna skulle det placeras 4,6 meter fr\u00e5n tomtgr\u00e4nsen. Familjen fick startbesked fr\u00e5n kommunen och ett drygt halv\u00e5r senare stod huset f\u00e4rdigt. Men n\u00e4r de ans\u00f6kte om slutbesked hos kommunen nekades det d\u00e5 huset i st\u00e4llet byggts 4,16 meter fr\u00e5n tomtgr\u00e4nsen.<\/p>\n<p class=\"text\">\u2013 Det kom som en chock f\u00f6r oss, s\u00e4ger parets son Ola Liljemark Ragnar.<\/p>\n<p><img decoding=\"async\" class=\"Image Image_\" src=\"\" data-aghref=\"http:\/\/www.mitti.se\/image-3.270928.159142.20240131110822.248312f5f6\" data-agimagetype=\"hardcrop\" alt=\"Tanken med huset var att Inga-Lill Ragnars barn skulle kunna bo i det n\u00e4r de kommer och hj\u00e4lper till med tomten.\"\/><\/p>\n<p class=\"Caption\">Tanken med huset var att Inga-Lill Ragnars barn skulle kunna bo i det n\u00e4r de kommer och hj\u00e4lper till med tomten.<\/p>\n<p class=\"Source\">Johannes \u00c4ng<\/p>\n<p>Tr\u00e4d och staket<\/p>\n<p class=\"text\">Enligt honom r\u00f6r sig det sig om att staketet byggts p\u00e5 &#8221;fel&#8221; sida av ett tr\u00e4d som den faktiska fastighetsgr\u00e4nsen egentligen g\u00e5r rakt igenom. Men byggf\u00f6retaget hade m\u00e4tt fr\u00e5n staketet.<\/p>\n<p class=\"text\">F\u00f6retaget tog p\u00e5 sig misstaget och informerade kommunen om det. Men under processen har f\u00f6retaget g\u00e5tt i konkurs och kan inte \u00e5tg\u00e4rda felet. Sedan dess har familjen kontaktat flera f\u00f6retag f\u00f6r att f\u00e5 huset flyttat. Men d\u00e5 en kranbil inte skulle f\u00e5 plats p\u00e5 tomten \u00e4r det ingen som har tagit sig an jobbet.<\/p>\n<p class=\"text\">\u2013 F\u00f6rst l\u00e4t det som att kommunen ville f\u00f6ra en dialog om att l\u00f6sa problemet och vi har hela tiden bara f\u00f6rs\u00f6kt g\u00f6ra r\u00e4tt, s\u00e4ger Ola Liljemark Ragnar.<\/p>\n<p class=\"text\">De har har \u00e4ven tagit \u00e4rendet till Mark- och milj\u00f6domstolen men inte f\u00e5tt pr\u00f6vningstillst\u00e5nd. I december kom beskedet fr\u00e5n kommunens bygglovsavdelning att huset nu m\u00e5ste \u00e5tg\u00e4rdas s\u00e5 att det inte st\u00e5r f\u00f6r n\u00e4ra gr\u00e4nsen \u2013 genom att byggas om, rivas eller flyttas. Eftersom familjen inte kan f\u00e5 tag p\u00e5 n\u00e5gon som kan flytta p\u00e5 det st\u00e5r man troligen inf\u00f6r en rivning.<\/p>\n<p class=\"text\">\u2013 Vi ifr\u00e5gas\u00e4tter inte att det st\u00e5r fel, d\u00e4remot ifr\u00e5gas\u00e4tter vi proportionaliteten\u00a0i att det m\u00e5ste rivas. Vad har kommunen och allm\u00e4nheten f\u00f6r intresse i det? s\u00e4ger Ola Liljemark Ragnar.<\/p>\n<p><img decoding=\"async\" class=\"Image Image_\" src=\"\" data-aghref=\"http:\/\/www.mitti.se\/image-3.270931.159142.20240131110853.3e82084415\" data-agimagetype=\"hardcrop\" alt=\"Den egentliga fastighetsgr\u00e4nsen g\u00e5r rakt igenom ett tr\u00e4d p\u00e5 tomten.\"\/><\/p>\n<p class=\"Caption\">Den egentliga fastighetsgr\u00e4nsen g\u00e5r rakt igenom ett tr\u00e4d p\u00e5 tomten.<\/p>\n<p class=\"Source\">Johannes \u00c4ng<\/p>\n<p>Hundratusentals kronor<\/p>\n<p class=\"text\">D\u00e5 de 34 centimetrarna g\u00e5r ut mot allm\u00e4n mark hj\u00e4lper det inte att familjen f\u00e5tt medgivande fr\u00e5n sina grannar att huset st\u00e5r fel.<\/p>\n<p class=\"text\">Bygglovsavdelningen g\u00f6r bed\u00f6mningen att allm\u00e4nhetens intressen v\u00e4ger tyngre \u00e4n den negativa p\u00e5verkan p\u00e5 dem som individer. <\/p>\n<p class=\"text\">Ola Liljemark Ragnar uppskattar att en flytt av huset, om n\u00e5gon skulle ta sig an det, skulle kosta upp till 300 000 kronor. Nu hoppas familjen att det ska tas ett annat beslut n\u00e4r \u00e4rendet ska upp i stadsbyggnadsn\u00e4mnden i mars.<\/p>\n<p class=\"text\">\u2013 Det \u00e4r inte bara att det varit jobbigt f\u00f6r oss utan att vi faktiskt inte hittar n\u00e5gon l\u00f6sning, s\u00e4ger Ola Liljemark Ragnar.<\/p>\n<p class=\"text\">P\u00e5 baksidan av huset vid tr\u00e4det visar Inga-Lill Ragnar upp 34 centimeter p\u00e5 ett m\u00e5ttband.<\/p>\n<p class=\"text\">\u2013 Det har varit fruktansv\u00e4rt. Man sover d\u00e5ligt och n\u00e4r man vaknar s\u00e5 t\u00e4nker man p\u00e5 hur man ska l\u00f6sa det h\u00e4r. Och ekonomiskt, vi \u00e4r 80 \u00e5r, vi f\u00e5r inga bankl\u00e5n f\u00f6r att bygga om det. Det \u00e4r helt galet och jag f\u00f6rst\u00e5r inte hur de t\u00e4nker. Det tas ingen m\u00e4nsklig h\u00e4nsyn, s\u00e4ger hon.<\/p>\n<p><img decoding=\"async\" class=\"Image Image_\" src=\"\" data-aghref=\"http:\/\/www.mitti.se\/image-3.270932.159142.20240131110838.2e2bcc080b\" data-agimagetype=\"hardcrop\" alt=\"Inga-Lill Ragnar visar upp de 34 centimeter som det hela handlar om.\"\/><\/p>\n<p class=\"Caption\">Inga-Lill Ragnar visar upp de 34 centimeter som det hela handlar om.<\/p>\n<p class=\"Source\">Johannes \u00c4ng<\/p>\n<p class=\"citat\">Det tas ingen m\u00e4nsklig h\u00e4nsyn.<\/p>\n<p class=\"faktarubrik\">Detta g\u00e4ller f\u00f6r attefallshus<\/p>\n<p class=\"fakta\">Attefallshus f\u00e5r byggas i ett bostadshus omedelbara n\u00e4rhet och \u00e4r d\u00e5 undantagna fr\u00e5n krav om bygglov.<\/p>\n<p class=\"fakta\">Innan man b\u00f6rjar bygga ans\u00f6ker man om startbesked fr\u00e5n kommunen.<\/p>\n<p class=\"fakta\">Maxh\u00f6jd till taknock \u00e4r 4 meter och samtliga attefallshus p\u00e5 tomten (man f\u00e5r bygga fler) f\u00e5r uppg\u00e5 till 30 kvadratmeter tillsammans. <\/p>\n<p class=\"fakta\">Attefallshuset ska placeras minst 4,5 meter fr\u00e5n tomtgr\u00e4ns.<\/p>\n<p class=\"fakta\">F\u00f6r att bygga attefallshus n\u00e4rmare 4,5 meter fr\u00e5n en tomtgr\u00e4ns mot granne kr\u00e4vs dennes medgivande.<\/p>\n<p class=\"faktakalla\">K\u00e4lla: Boverket<\/p>\n<p><img decoding=\"async\" class=\"Image Image_\" src=\"\" data-aghref=\"http:\/\/www.mitti.se\/image-3.273047.159142.20240216095023.310b71b1d4\" data-agimagetype=\"hardcrop\" alt=\"Inga-Lill Ragnar ber\u00e4ttar att alla turer kring attefallshuset har t\u00e4rt p\u00e5 familjen.\"\/><\/p>\n<p class=\"Caption\">Inga-Lill Ragnar ber\u00e4ttar att alla turer kring attefallshuset har t\u00e4rt p\u00e5 familjen.<\/p>\n<p class=\"Source\">Johannes \u00c4ng<\/p>\n<p class=\"teaser\">Inga-Lill: \u201dVi \u00e4r 80 \u00e5r, vi f\u00e5r inga bankl\u00e5n f\u00f6r att bygga om det\u201d \u2714 Byggf\u00f6retaget tog p\u00e5 sig misstaget \u2013 men gick i konkurs<\/p>\n","protected":false},"excerpt":{"rendered":"Sm\u00e5dalar\u00f6 I flera \u00e5r har paret Inga-Lill och Bo Ragnar p\u00e5 Sm\u00e5dalar\u00f6 legat i tvist med Haninge kommun&hellip;\n","protected":false},"author":2,"featured_media":131261,"comment_status":"","ping_status":"","sticky":false,"template":"","format":"standard","meta":{"footnotes":""},"categories":[12],"tags":[22,23,26,27,17,21,24,25,28,29,15,16,18,34,31,33,32,30,19,20],"class_list":{"0":"post-131260","1":"post","2":"type-post","3":"status-publish","4":"format-standard","5":"has-post-thumbnail","7":"category-sverige","8":"tag-breaking-news","9":"tag-breakingnews","10":"tag-featured-news","11":"tag-featurednews","12":"tag-headlines","13":"tag-huvudnyheter","14":"tag-latest-news","15":"tag-latestnews","16":"tag-main-news","17":"tag-mainnews","18":"tag-news","19":"tag-nyheter","20":"tag-rubriker","21":"tag-se","22":"tag-svenska","23":"tag-sverige","24":"tag-sweden","25":"tag-swedish","26":"tag-top-stories","27":"tag-topstories"},"share_on_mastodon":{"url":"https:\/\/pubeurope.com\/@se\/115869230266160209","error":""},"_links":{"self":[{"href":"https:\/\/www.europesays.com\/se\/wp-json\/wp\/v2\/posts\/131260","targetHints":{"allow":["GET"]}}],"collection":[{"href":"https:\/\/www.europesays.com\/se\/wp-json\/wp\/v2\/posts"}],"about":[{"href":"https:\/\/www.europesays.com\/se\/wp-json\/wp\/v2\/types\/post"}],"author":[{"embeddable":true,"href":"https:\/\/www.europesays.com\/se\/wp-json\/wp\/v2\/users\/2"}],"replies":[{"embeddable":true,"href":"https:\/\/www.europesays.com\/se\/wp-json\/wp\/v2\/comments?post=131260"}],"version-history":[{"count":0,"href":"https:\/\/www.europesays.com\/se\/wp-json\/wp\/v2\/posts\/131260\/revisions"}],"wp:featuredmedia":[{"embeddable":true,"href":"https:\/\/www.europesays.com\/se\/wp-json\/wp\/v2\/media\/131261"}],"wp:attachment":[{"href":"https:\/\/www.europesays.com\/se\/wp-json\/wp\/v2\/media?parent=131260"}],"wp:term":[{"taxonomy":"category","embeddable":true,"href":"https:\/\/www.europesays.com\/se\/wp-json\/wp\/v2\/categories?post=131260"},{"taxonomy":"post_tag","embeddable":true,"href":"https:\/\/www.europesays.com\/se\/wp-json\/wp\/v2\/tags?post=131260"}],"curies":[{"name":"wp","href":"https:\/\/api.w.org\/{rel}","templated":true}]}}