{"id":131264,"date":"2026-01-10T05:55:24","date_gmt":"2026-01-10T05:55:24","guid":{"rendered":"https:\/\/www.europesays.com\/se\/131264\/"},"modified":"2026-01-10T05:55:24","modified_gmt":"2026-01-10T05:55:24","slug":"de-snosurfar-pa-gardet-bra-puder-och-jamn-vind","status":"publish","type":"post","link":"https:\/\/www.europesays.com\/se\/131264\/","title":{"rendered":"De sn\u00f6surfar p\u00e5 G\u00e4rdet: \u201dBra puder och j\u00e4mn vind\u201d"},"content":{"rendered":"<p class=\"ort\">G\u00e4rdet<\/p>\n<p class=\"text\">Sportf\u00e4ltet \u00e4r t\u00e4ckt av sn\u00f6 och l\u00e4ngdsp\u00e5ret nysladdat och fint. Skid\u00e5karna passerar \u00f6msom stakande i sakta mak, \u00f6msom hurtigt skejtande.<\/p>\n<p class=\"text\">S\u00e5 kommer en annan \u00e5kare som drar blickarna till sig.<\/p>\n<p class=\"text\">Patrik Salklev flyger fram p\u00e5 den \u00f6ppna ytan v\u00e4ster om sp\u00e5ren, utan att r\u00f6ra kroppen. Med slalomskidor p\u00e5 f\u00f6tterna kitesurfar han p\u00e5 den osp\u00e5rade sn\u00f6n.<\/p>\n<p class=\"text\">\u2013 Det k\u00e4nns som i fj\u00e4llen, det \u00e4r bra puder och j\u00e4mn vind.<\/p>\n<p><img decoding=\"async\" class=\"Image Image_\" src=\"\" data-aghref=\"http:\/\/www.mitti.se\/image-3.354213.271515.20260109153502.68c1ba62d6\" data-agimagetype=\"hardcrop\" alt=\"Theerawat Khonsue.&#10;\"\/><\/p>\n<p class=\"Caption\">Theerawat Khonsue.\n<\/p>\n<p class=\"Source\">Johan Sj\u00f6lund<\/p>\n<p>Varmare p\u00e5 vintern<\/p>\n<p class=\"text\">Att kitesurfa p\u00e5 vatten \u00e4r vanligast, men sn\u00f6kite, eller snowkite, som det kallas n\u00e4r underlaget \u00e4r fruset, har sina f\u00f6rdelar. Paradoxalt nog \u00e4r det varmare, eftersom man slipper kylan i vattnet, ber\u00e4ttar Theerawat Khonsue som jobbar p\u00e5 f\u00f6retaget Kiteboardcenter tillsammans med Bj\u00f6rn Lundin.<\/p>\n<p class=\"text\">\u2013 Sn\u00f6kite passar alla \u00e5ldrar. Kan du \u00e5ka skidor kan du \u00e5ka sn\u00f6kite, i alla fall efter en kurs. Det \u00e4r l\u00e4ttare p\u00e5 sn\u00f6 \u00e4n p\u00e5 vatten, s\u00e4ger Theerawat Khonsue.<\/p>\n<p class=\"faktarubrik\">Fakta: Sn\u00f6kite<\/p>\n<p class=\"fakta\">Kitesurfing g\u00e5r ut p\u00e5 att ut\u00f6varen st\u00e5r p\u00e5 en surfingbr\u00e4da p\u00e5 vatten och anv\u00e4nder en drake som ett slags segel.<\/p>\n<p class=\"fakta\">Sn\u00f6kite, eller snowkite, \u00e4r motsvarigheten p\u00e5 sn\u00f6 och is. D\u00e5 st\u00e5r man i st\u00e4llet p\u00e5 skidor, snowboard eller skridskor.<\/p>\n<p class=\"faktakalla\">K\u00e4lla: Wikipedia<\/p>\n<p>\u00c4ldre herrar och damer<\/p>\n<p class=\"text\">Om man ska \u201dkita\u201d p\u00e5 sn\u00f6 kr\u00e4vs det b\u00e5de sn\u00f6 och vind. Den h\u00e4r helgen ser prognosen lovande ut, och den 10 och 11 januari kommer Bj\u00f6rn Lundin att h\u00e5lla kurser p\u00e5 G\u00e4rdet.<\/p>\n<p class=\"text\">\u2013 Vi har haft m\u00e5nga \u00e4ldre herrar och damer p\u00e5 kurs i fj\u00e4llen. M\u00f6jligtvis \u00e4r det lite l\u00e4ttare f\u00f6r damerna f\u00f6r de \u00e4r normalt b\u00e4ttre p\u00e5 att lyssna, s\u00e4ger Bj\u00f6rn Lundin med glimten i \u00f6gat.<\/p>\n<p><img decoding=\"async\" class=\"Image Image_\" src=\"\" data-aghref=\"http:\/\/www.mitti.se\/image-3.354214.271515.20260109153502.33f2966169\" data-agimagetype=\"hardcrop\" alt=\"Theerawat Khonsue och Bj\u00f6rn Lundin driver kitesurfskolan Kiteboardcenter.&#10;\"\/><\/p>\n<p class=\"Caption\">Theerawat Khonsue och Bj\u00f6rn Lundin driver kitesurfskolan Kiteboardcenter.\n<\/p>\n<p class=\"Source\">Johan Sj\u00f6lund<\/p>\n<p>N\u00e4rmare \u00e4n havet<\/p>\n<p class=\"text\">En annan f\u00f6rdel med sn\u00f6kite \u00e4r att det g\u00e5r att g\u00f6ra i stan. Bj\u00f6rn och Theerawat och Patrik kitar g\u00e4rna p\u00e5 vattnet vid Tor\u00f6 utanf\u00f6r Nyn\u00e4shamn, men dit \u00e4r det en timme att k\u00f6ra.<\/p>\n<p class=\"text\">I Stockholmsomr\u00e5det har de k\u00f6rt sn\u00f6kite p\u00e5 frusna sj\u00f6ar och \u2013 n\u00e4r det varit bra med is \u2013 p\u00e5 Riddarfj\u00e4rden.<\/p>\n<p class=\"text\">\u2013 Det \u00e4r j\u00e4ttesmidigt. Jag bor i Vasastan och tar mig hit till G\u00e4rdet p\u00e5 10 minuter, s\u00e4ger Patrik Salklev.<\/p>\n<p><img decoding=\"async\" class=\"Image Image_\" src=\"\" data-aghref=\"http:\/\/www.mitti.se\/image-3.354218.271515.20260109153502.05fe08a97a\" data-agimagetype=\"hardcrop\" alt=\"Bj\u00f6rn Lundin &quot;surfar&quot; \u00f6ver sn\u00f6n p\u00e5 G\u00e4rdet.\"\/><\/p>\n<p class=\"Caption\">Bj\u00f6rn Lundin &#8221;surfar&#8221; \u00f6ver sn\u00f6n p\u00e5 G\u00e4rdet.<\/p>\n<p class=\"Source\">Johan Sj\u00f6lund<\/p>\n<p class=\"citat\">Kan du \u00e5ka skidor kan du \u00e5ka sn\u00f6kite.<\/p>\n","protected":false},"excerpt":{"rendered":"G\u00e4rdet Sportf\u00e4ltet \u00e4r t\u00e4ckt av sn\u00f6 och l\u00e4ngdsp\u00e5ret nysladdat och fint. Skid\u00e5karna passerar \u00f6msom stakande i sakta mak,&hellip;\n","protected":false},"author":2,"featured_media":131265,"comment_status":"","ping_status":"","sticky":false,"template":"","format":"standard","meta":{"footnotes":""},"categories":[12],"tags":[22,23,26,27,17,21,24,25,28,29,15,16,18,34,31,33,32,30,19,20],"class_list":{"0":"post-131264","1":"post","2":"type-post","3":"status-publish","4":"format-standard","5":"has-post-thumbnail","7":"category-sverige","8":"tag-breaking-news","9":"tag-breakingnews","10":"tag-featured-news","11":"tag-featurednews","12":"tag-headlines","13":"tag-huvudnyheter","14":"tag-latest-news","15":"tag-latestnews","16":"tag-main-news","17":"tag-mainnews","18":"tag-news","19":"tag-nyheter","20":"tag-rubriker","21":"tag-se","22":"tag-svenska","23":"tag-sverige","24":"tag-sweden","25":"tag-swedish","26":"tag-top-stories","27":"tag-topstories"},"share_on_mastodon":{"url":"https:\/\/pubeurope.com\/@se\/115869261660782912","error":""},"_links":{"self":[{"href":"https:\/\/www.europesays.com\/se\/wp-json\/wp\/v2\/posts\/131264","targetHints":{"allow":["GET"]}}],"collection":[{"href":"https:\/\/www.europesays.com\/se\/wp-json\/wp\/v2\/posts"}],"about":[{"href":"https:\/\/www.europesays.com\/se\/wp-json\/wp\/v2\/types\/post"}],"author":[{"embeddable":true,"href":"https:\/\/www.europesays.com\/se\/wp-json\/wp\/v2\/users\/2"}],"replies":[{"embeddable":true,"href":"https:\/\/www.europesays.com\/se\/wp-json\/wp\/v2\/comments?post=131264"}],"version-history":[{"count":0,"href":"https:\/\/www.europesays.com\/se\/wp-json\/wp\/v2\/posts\/131264\/revisions"}],"wp:featuredmedia":[{"embeddable":true,"href":"https:\/\/www.europesays.com\/se\/wp-json\/wp\/v2\/media\/131265"}],"wp:attachment":[{"href":"https:\/\/www.europesays.com\/se\/wp-json\/wp\/v2\/media?parent=131264"}],"wp:term":[{"taxonomy":"category","embeddable":true,"href":"https:\/\/www.europesays.com\/se\/wp-json\/wp\/v2\/categories?post=131264"},{"taxonomy":"post_tag","embeddable":true,"href":"https:\/\/www.europesays.com\/se\/wp-json\/wp\/v2\/tags?post=131264"}],"curies":[{"name":"wp","href":"https:\/\/api.w.org\/{rel}","templated":true}]}}