{"id":131270,"date":"2026-01-10T06:03:23","date_gmt":"2026-01-10T06:03:23","guid":{"rendered":"https:\/\/www.europesays.com\/se\/131270\/"},"modified":"2026-01-10T06:03:23","modified_gmt":"2026-01-10T06:03:23","slug":"container-i-gavle-blev-tillfalligt-hem-for-kvinna","status":"publish","type":"post","link":"https:\/\/www.europesays.com\/se\/131270\/","title":{"rendered":"Container i G\u00e4vle blev tillf\u00e4lligt hem f\u00f6r kvinna"},"content":{"rendered":"<p>Publicerad 9 jan 2026 kl 21.51<\/p>\n<p>N\u00e4r konkursf\u00f6rvaltarna skulle flytta den \u00f6vergivna containern i G\u00e4vle gjorde de ett m\u00e4rkligt fynd.<\/p>\n<p>Containern hade inretts med m\u00f6bler \u2013 och det visade sig att en kvinna flyttat in, skriver <a href=\"https:\/\/www.gd.se\/2026-01-08\/kvinna-bodde-i-container-pa-brynas\/\" rel=\"nofollow noopener\" target=\"_blank\">Gefle Dagblad<\/a>.<\/p>\n<p>Senaste nyhetsklippen fr\u00e5n Expressen.<img   alt=\"\"\/><\/p>\n<p>Kvinnan ska ha uppt\u00e4ckts efter att hon blev attackerad i sitt tillf\u00e4lliga hem.<\/p>\n<p>Foto: Polisen \/ Polisen<\/p>\n<p>\u00d6ppna bild i helsk\u00e4rm<img loading=\"lazy\"   alt=\"\"\/><\/p>\n<p>Containern stod vid en \u00e5tervinningsplats i omr\u00e5det Bryn\u00e4s i G\u00e4vle.<\/p>\n<p>Foto: Polisen \/ Polisen<\/p>\n<p>\u00d6ppna bild i helsk\u00e4rm<img loading=\"lazy\"   alt=\"\"\/><\/p>\n<p>I containern hade kvinnan inrett med bland annat lastpallar som bord.<\/p>\n<p>Foto: Polisen \/ Polisen<\/p>\n<p>\u00d6ppna bild i helsk\u00e4rm<img loading=\"lazy\"   alt=\"\"\/><\/p>\n<p>Man hittade barnkl\u00e4der och en barnvagn i containern.<\/p>\n<p>Foto: Polisen \/ Polisen<\/p>\n<p>\u00d6ppna bild i helsk\u00e4rm<img loading=\"lazy\"   alt=\"\"\/><\/p>\n<p>Kvinnan hade satt ett l\u00e5s p\u00e5 containern.<\/p>\n<p>Foto: Polisen \/ Polisen<\/p>\n<p>\u00d6ppna bild i helsk\u00e4rm<\/p>\n<p>N\u00e4r konkursf\u00f6rvaltare skulle flytta containern som stod vid en \u00e5tervinningsplats i <a href=\"https:\/\/www.expressen.se\/tagg\/location\/gavle\/\" class=\"\" rel=\"nofollow noopener\" target=\"_blank\">G\u00e4vle<\/a> gjorde de ett m\u00e4rkligt fynd.\u00a0<\/p>\n<p>Inv\u00e4ndigt var den inredd och det uppstod d\u00e4rf\u00f6r en misstanke om att n\u00e5gon bodde i den, vilket <a href=\"https:\/\/www.gd.se\/2026-01-08\/kvinna-bodde-i-container-pa-brynas\/\" rel=\"nofollow noopener\" target=\"_blank\">Gefle Dagblad<\/a> tidigare rapporterat om.\u00a0<\/p>\n<p>Containern hade tillh\u00f6rt ett bolag som under sommaren 2025 flyttat den till \u00e5tervinningscentralen f\u00f6r att st\u00e4da ur den. Bolaget hade senare g\u00e5tt i konkurs, enligt tidningen.\u00a0<\/p>\n<p>Artikeln i korthet<\/p>\n<p> En kvinna i 40-\u00e5rs\u00e5ldern bodde i en container i G\u00e4vle.<\/p>\n<p> Polisen larmades efter att hon attackerats med en skruvdragare.<\/p>\n<p> Socialtj\u00e4nsten misst\u00e4nkte boende men fann ingen p\u00e5 plats.<\/p>\n<p> Containern flyttades efter h\u00e4ndelsen.<\/p>\n<p>Visa mer<\/p>\n<p>N\u00e4r det drog ut p\u00e5 tiden valde en kvinna i 40-\u00e5rs\u00e5ldern att bos\u00e4tta sig i den. Hon tog dit en soffa, b\u00f6cker och barnkl\u00e4der och valde \u00e4ven att s\u00e4tta dit ett h\u00e4ngl\u00e5s p\u00e5 d\u00f6rren.<\/p>\n<p>Enligt Gefle Dagblad kontaktades socialtj\u00e4nsten i oktober om att en kvinna och ett barn bodde i containern. Kommunen bes\u00f6kte platsen utan att tr\u00e4ffa personerna som p\u00e5stods bo d\u00e4r.<\/p>\n<p>Attackerades med skruvdragare<\/p>\n<p>N\u00e5gra dagar efter socialtj\u00e4nsten hade varit vid platsen larmades polisen dit. Kvinnan hade bes\u00f6k av tv\u00e5 m\u00e4n och en av m\u00e4nnen ska pl\u00f6tsligt h\u00e4llt bensin \u00f6ver en soffa och t\u00e4nt eld p\u00e5 den. I tumultet tog \u00e4ven samma man tag i en skruvdragare och f\u00f6rs\u00f6kte borra kvinnan i magen.<\/p>\n<p>\u2013 Han hade kunnat borra mig in i k\u00f6ttet. Han \u00e4r helt gr\u00e4nsl\u00f6s, s\u00e4ger kvinnan om mannen som attackerade henne i f\u00f6rh\u00f6r.\u00a0<\/p>\n<p>Kvinnan klarade sig utan n\u00e5gra skador efter attacken.<\/p>\n<p>Inget barn ska ha bott i containern<\/p>\n<p>Det var efter tumultet som hon larmade polisen och \u00e4ven valde att ber\u00e4tta f\u00f6r socialtj\u00e4nsten att hon hade bott d\u00e4r, enligt Gefle Dagblad.\u00a0<\/p>\n<p>Till socialtj\u00e4nsten ska hon inte ha ber\u00e4ttat att det bodde n\u00e5got barn i containern och det finns \u00e4ven inget i polisens f\u00f6runders\u00f6kning som tyder p\u00e5 det.<\/p>\n<p>Containern har efter h\u00e4ndelsen flyttats fr\u00e5n platsen av auktionsfirman som s\u00e4ljer av det konkursade bolagets tillg\u00e5ngar. Enligt GD ska attacken renderat till ett olaga hot.<\/p>\n","protected":false},"excerpt":{"rendered":"Publicerad 9 jan 2026 kl 21.51 N\u00e4r konkursf\u00f6rvaltarna skulle flytta den \u00f6vergivna containern i G\u00e4vle gjorde de ett&hellip;\n","protected":false},"author":2,"featured_media":131271,"comment_status":"","ping_status":"","sticky":false,"template":"","format":"standard","meta":{"footnotes":""},"categories":[12],"tags":[22,23,26,27,17,21,24,25,918,28,29,15,16,18,34,154,31,33,32,30,19,20],"class_list":{"0":"post-131270","1":"post","2":"type-post","3":"status-publish","4":"format-standard","5":"has-post-thumbnail","7":"category-sverige","8":"tag-breaking-news","9":"tag-breakingnews","10":"tag-featured-news","11":"tag-featurednews","12":"tag-headlines","13":"tag-huvudnyheter","14":"tag-latest-news","15":"tag-latestnews","16":"tag-location-gavle","17":"tag-main-news","18":"tag-mainnews","19":"tag-news","20":"tag-nyheter","21":"tag-rubriker","22":"tag-se","23":"tag-sections-sverige","24":"tag-svenska","25":"tag-sverige","26":"tag-sweden","27":"tag-swedish","28":"tag-top-stories","29":"tag-topstories"},"share_on_mastodon":{"url":"https:\/\/pubeurope.com\/@se\/115869293155593429","error":""},"_links":{"self":[{"href":"https:\/\/www.europesays.com\/se\/wp-json\/wp\/v2\/posts\/131270","targetHints":{"allow":["GET"]}}],"collection":[{"href":"https:\/\/www.europesays.com\/se\/wp-json\/wp\/v2\/posts"}],"about":[{"href":"https:\/\/www.europesays.com\/se\/wp-json\/wp\/v2\/types\/post"}],"author":[{"embeddable":true,"href":"https:\/\/www.europesays.com\/se\/wp-json\/wp\/v2\/users\/2"}],"replies":[{"embeddable":true,"href":"https:\/\/www.europesays.com\/se\/wp-json\/wp\/v2\/comments?post=131270"}],"version-history":[{"count":0,"href":"https:\/\/www.europesays.com\/se\/wp-json\/wp\/v2\/posts\/131270\/revisions"}],"wp:featuredmedia":[{"embeddable":true,"href":"https:\/\/www.europesays.com\/se\/wp-json\/wp\/v2\/media\/131271"}],"wp:attachment":[{"href":"https:\/\/www.europesays.com\/se\/wp-json\/wp\/v2\/media?parent=131270"}],"wp:term":[{"taxonomy":"category","embeddable":true,"href":"https:\/\/www.europesays.com\/se\/wp-json\/wp\/v2\/categories?post=131270"},{"taxonomy":"post_tag","embeddable":true,"href":"https:\/\/www.europesays.com\/se\/wp-json\/wp\/v2\/tags?post=131270"}],"curies":[{"name":"wp","href":"https:\/\/api.w.org\/{rel}","templated":true}]}}