{"id":131272,"date":"2026-01-10T06:07:07","date_gmt":"2026-01-10T06:07:07","guid":{"rendered":"https:\/\/www.europesays.com\/se\/131272\/"},"modified":"2026-01-10T06:07:07","modified_gmt":"2026-01-10T06:07:07","slug":"mikael-persbrandts-nya-vagade-tatuering","status":"publish","type":"post","link":"https:\/\/www.europesays.com\/se\/131272\/","title":{"rendered":"Mikael Persbrandts nya v\u00e5gade tatuering"},"content":{"rendered":"<p>Publicerad 10 jan 2026 kl 06.30<\/p>\n<p>Vad st\u00e5r det egentligen p\u00e5 Mikael Persbrandts hals nuf\u00f6rtiden&#8230;?<\/p>\n<p>Han fastnade p\u00e5 bild under julshoppingen \u2013 till synes med en ny, v\u00e5gad tatuering.<\/p>\n<p><img   alt=\"\"\/> <\/p>\n<p>Foto: Instagram<\/p>\n<p>\u00d6ppna bild i helsk\u00e4rm<img loading=\"lazy\"   alt=\"\"\/><\/p>\n<p>P\u00e5 Johannes \u201dLeonidas\u201d Ulmefors Instagram har tatueringen synts.<\/p>\n<p>Foto: Instagram<\/p>\n<p>\u00d6ppna bild i helsk\u00e4rm<img loading=\"lazy\"   alt=\"\"\/><\/p>\n<p>Mikael Persbrandt.<\/p>\n<p>Foto: SIGGE KLEMETZ \/ STELLA PICTURES SIGGE KLEMETZ<\/p>\n<p>\u00d6ppna bild i helsk\u00e4rm<\/p>\n<p>Sk\u00e5despelaren <a href=\"https:\/\/www.expressen.se\/tagg\/person\/mikael-persbrandt\/\" class=\"\" rel=\"nofollow noopener\" target=\"_blank\">Mikael Persbrandt<\/a>, 62, gillar tatueringar. Bland annat har han ett sv\u00e4rd som sticker upp p\u00e5 br\u00f6stkorgen, ett hundliknande djur p\u00e5 handen och ett antal ytterligare motiv utspridda p\u00e5 \u00f6verkroppen.<\/p>\n<p>Nu verkar han ha lagt till en ny \u2013 n\u00e5got v\u00e5gad, skulle vissa p\u00e5st\u00e5.<\/p>\n<p>P\u00e5 nya bilder p\u00e5 Persbrandt ser det ut att st\u00e5 \u201dmotherfucker\u201d \u00f6ver nyckelbenet.<\/p>\n<p>Det \u00e4r en f\u00f6rol\u00e4mpning som rakt \u00f6versatt till svenska blir v\u00e4ldigt grov, men som i praktiken \u00e4r n\u00e5got mildare p\u00e5 engelska.<\/p>\n<p>Tatueringen syns bland annat sticka upp ur skjortkragen p\u00e5 en bild fr\u00e5n \u00e5rets julhandel. D\u00e5 d\u00f6k han upp i butiken Arras tyger och tidl\u00f6sa ting i Gamla stan, och butiks\u00e4garen passade p\u00e5 att ta en selfie med honom.<\/p>\n<p>\u00c4ven i oktober syntes Mikael Persbrandt med tatueringen.\u00a0<\/p>\n<p>D\u00e5 poserade han p\u00e5 en bild tillsammans men tv-profilen Johannes \u201dLeonidas\u201d Ulmefors.\u00a0<\/p>\n<p>Expressen har s\u00f6kt Mikael Persbrandt genom hans presskontakt.<\/p>\n<p><a href=\"https:\/\/www.instagram.com\/p\/DSnjWvZjKF6\/?hidecaption=true\" data-provider=\"instagram\" class=\"js-social-embed\" rel=\"nofollow noopener\" target=\"_blank\">https:\/\/www.instagram.com\/p\/DSnjWvZjKF6\/?hidecaption=true<\/a><script async src=\"\/\/www.instagram.com\/embed.js\"><\/script><\/p>\n","protected":false},"excerpt":{"rendered":"Publicerad 10 jan 2026 kl 06.30 Vad st\u00e5r det egentligen p\u00e5 Mikael Persbrandts hals nuf\u00f6rtiden&#8230;? Han fastnade p\u00e5&hellip;\n","protected":false},"author":2,"featured_media":131273,"comment_status":"","ping_status":"","sticky":false,"template":"","format":"standard","meta":{"footnotes":""},"categories":[67],"tags":[104,13448,34,31,33,32,30,310,105],"class_list":{"0":"post-131272","1":"post","2":"type-post","3":"status-publish","4":"format-standard","5":"has-post-thumbnail","7":"category-underhallning","8":"tag-entertainment","9":"tag-person-mikael-persbrandt","10":"tag-se","11":"tag-svenska","12":"tag-sverige","13":"tag-sweden","14":"tag-swedish","15":"tag-topic-kandisar","16":"tag-underhallning"},"share_on_mastodon":{"url":"https:\/\/pubeurope.com\/@se\/115869308861367578","error":""},"_links":{"self":[{"href":"https:\/\/www.europesays.com\/se\/wp-json\/wp\/v2\/posts\/131272","targetHints":{"allow":["GET"]}}],"collection":[{"href":"https:\/\/www.europesays.com\/se\/wp-json\/wp\/v2\/posts"}],"about":[{"href":"https:\/\/www.europesays.com\/se\/wp-json\/wp\/v2\/types\/post"}],"author":[{"embeddable":true,"href":"https:\/\/www.europesays.com\/se\/wp-json\/wp\/v2\/users\/2"}],"replies":[{"embeddable":true,"href":"https:\/\/www.europesays.com\/se\/wp-json\/wp\/v2\/comments?post=131272"}],"version-history":[{"count":0,"href":"https:\/\/www.europesays.com\/se\/wp-json\/wp\/v2\/posts\/131272\/revisions"}],"wp:featuredmedia":[{"embeddable":true,"href":"https:\/\/www.europesays.com\/se\/wp-json\/wp\/v2\/media\/131273"}],"wp:attachment":[{"href":"https:\/\/www.europesays.com\/se\/wp-json\/wp\/v2\/media?parent=131272"}],"wp:term":[{"taxonomy":"category","embeddable":true,"href":"https:\/\/www.europesays.com\/se\/wp-json\/wp\/v2\/categories?post=131272"},{"taxonomy":"post_tag","embeddable":true,"href":"https:\/\/www.europesays.com\/se\/wp-json\/wp\/v2\/tags?post=131272"}],"curies":[{"name":"wp","href":"https:\/\/api.w.org\/{rel}","templated":true}]}}