{"id":131274,"date":"2026-01-10T06:15:46","date_gmt":"2026-01-10T06:15:46","guid":{"rendered":"https:\/\/www.europesays.com\/se\/131274\/"},"modified":"2026-01-10T06:15:46","modified_gmt":"2026-01-10T06:15:46","slug":"gina-dirawi-i-samtal-med-svt-efter-dodshoten","status":"publish","type":"post","link":"https:\/\/www.europesays.com\/se\/131274\/","title":{"rendered":"Gina Dirawi i samtal med SVT efter d\u00f6dshoten"},"content":{"rendered":"<p>Publicerad 8 jan 2026 kl 12.26Uppdaterad kl 14.03<\/p>\n<p>N\u00e4r Gina Dirawi ledde Melodifestivalen och var julv\u00e4rd tvingades SVT anlita s\u00e4kerhetsvakter till henne.\u00a0<\/p>\n<p>Nu \u00e4r hon snart tillbaka p\u00e5 scenen \u2013 och f\u00f6r samtal med SVT om s\u00e4kerheten.\u00a0<\/p>\n<p>\u2013 Nu k\u00e4nner jag lite att vad som helst ska komma och jag vet att jag \u00e4r \u00e4ldre, jag \u00e4r mer mogen, s\u00e4ger hon.\u00a0<\/p>\n<p><img   alt=\"\"\/> <\/p>\n<p>Foto: Anders Wiklund \/ TT NYHETSBYR\u00c5N<\/p>\n<p>\u00d6ppna bild i helsk\u00e4rm<img loading=\"lazy\"   alt=\"\"\/><\/p>\n<p>Duon programleder Melodifestivalen 2026.<\/p>\n<p>Foto: Janne Danielsson\/SVT<\/p>\n<p>\u00d6ppna bild i helsk\u00e4rm<img loading=\"lazy\"   alt=\"\"\/><\/p>\n<p>Gina Dirawi ber\u00e4ttar om Melodifestivalen.<\/p>\n<p>Foto: Expressen<\/p>\n<p>\u00d6ppna bild i helsk\u00e4rm<\/p>\n<p>31 januari \u00e4r det dags.\u00a0<\/p>\n<p>Hampus Nessvold, 29, och Gina Dirawi, 35, st\u00e4ller sig p\u00e5 scenen och programleder <a href=\"https:\/\/www.expressen.se\/tagg\/organization\/melodifestivalen\/\" class=\"\" rel=\"nofollow noopener\" target=\"_blank\">Melodifestivalen<\/a>.\u00a0<\/p>\n<p>Hampus Nessvold g\u00f6r debut som programledare och ber\u00e4ttar att de fick fr\u00e5gan av SVT redan i v\u00e5ras.\u00a0<\/p>\n<p>Han har f\u00e5tt fr\u00e5gan om att programleda Melodifestivalen tidigare, men d\u00e5 tackade han nej.\u00a0<\/p>\n<p>\u2013 Allt m\u00e5ste st\u00e4mma och det h\u00e4r \u00e5ret s\u00e5 st\u00e4mde det. Med Gina framf\u00f6r allt.<\/p>\n<p>Men f\u00f6r Gina Dirawi \u00e4r det l\u00e5ngt ifr\u00e5n f\u00f6rsta g\u00e5ngen. \u00c4ven 2012, 2013 och 2016 programledde hon Sveriges st\u00f6rsta musikt\u00e4vling.\u00a0<\/p>\n<p>\u2013 Nu har det g\u00e5tt s\u00e5 mycket tid. Jag k\u00e4nner att jag \u00e4r, allts\u00e5 jag \u00e4r trettiofem bast. Jag k\u00e4nner mig stabil som en ek.\u00a0<\/p>\n<p>F\u00f6r att hon skulle tacka ja till att g\u00f6ra Melodifestivalen igen var den som hon skulle g\u00f6ra det med avg\u00f6rande.\u00a0<\/p>\n<p>\u2013 S\u00e5 vi tr\u00e4ffades och klickade j\u00e4ttebra, vi hade skitbra id\u00e9er och vissa av dem har blivit mellanakter nu. Vi fick ocks\u00e5 extremt mycket frihet och de sa \u201dni kan g\u00f6ra typ vad ni vill\u201d och d\u00e5 d\u00e5 k\u00e4nde \u201dokej, det h\u00e4r kommer att bli kul liksom\u201d, s\u00e4ger Dirawi.\u00a0<\/p>\n<p>Tvingades ha s\u00e4kerhetsvakter<\/p>\n<p>Under slutet av 2015 och b\u00f6rjan av 2016 ledde hon dessutom Musikhj\u00e4lpen och var julv\u00e4rd i SVT. Succ\u00e9n hade en m\u00f6rk baksida \u2013 hon blev utsatt f\u00f6r s\u00e5 mycket d\u00f6dshot att SVT gav henne livvakter.\u00a0<\/p>\n<p>I \u00e5r, redan innan Melodifestivalen har b\u00f6rjat har Gina Dirawi m\u00f6tts av kritik.\u00a0<\/p>\n<p>Gina Dirawi \u00e4r f\u00f6dd och uppvuxen i Sundsvall, med palestinska f\u00f6r\u00e4ldrar fr\u00e5n Libanon.\u00a0<\/p>\n<p>Kritiken handlar om hur hon kan programleda Melodifestivalen n\u00e4r Eurovision l\u00e5ter Israel t\u00e4vla.\u00a0<\/p>\n<p>\u201dJag ska vara tydlig: jag har inte tackat ja till Eurovision. Jag har tackat ja till att leda den svenska Melodifestivalen. Jag f\u00f6rst\u00e5r kritiken\u201d, har Gina bland annat skrivit p\u00e5 Facebook.\u00a0<\/p>\n<p>Svaret p\u00e5 kritiken<\/p>\n<p>Till Expressen s\u00e4ger Gina Dirawi att hon har sagt allting hon vill s\u00e4ga i sitt Facebook-inl\u00e4gg.\u00a0<\/p>\n<p>Hon tar kritiken med ro.\u00a0<\/p>\n<p>\u2013 Jag k\u00e4nde mig v\u00e4ldigt stabil och lugn och det var v\u00e4ldigt sk\u00f6nt. F\u00f6r nu k\u00e4nner jag lite att vad som helst ska komma och jag vet att jag \u00e4r \u00e4ldre, jag \u00e4r mer mogen, jag har varit med om mycket.<\/p>\n<p><strong>Hur ser s\u00e4kerheten ut f\u00f6r dig under den h\u00e4r turn\u00e9n?\u00a0<\/strong><\/p>\n<p>\u2013 Det \u00e4r klart att vi har pratat om det innan. Och jag vet ju att den allm\u00e4nna s\u00e4kerheten f\u00f6r alla i mediebranschen har h\u00f6jts extremt mycket. Men just nu s\u00e5 vet jag typ ingenting, om jag ska vara helt \u00e4rlig men vi har j\u00e4ttegod kontakt och de har varit superbra med att trygga upp.\u00a0<\/p>\n<p>Gina Dirawi k\u00e4nner sig beredd p\u00e5 vad som kan komma.\u00a0<\/p>\n<p>\u2013 Jag vet att vi ska in h\u00e4r, vi ska g\u00f6ra ett skitbra jobb. Jag \u00e4r peppad. S\u00e5 ja, jag k\u00e4nner mig r\u00e4tt cool.<\/p>\n<p><img loading=\"lazy\"   alt=\"\"\/><\/p>\n<p>Hampus och Gina \u00e4r taggade.<\/p>\n<p>Foto: Expressen<\/p>\n<p>\u00d6ppna bild i helsk\u00e4rm<\/p>\n","protected":false},"excerpt":{"rendered":"Publicerad 8 jan 2026 kl 12.26Uppdaterad kl 14.03 N\u00e4r Gina Dirawi ledde Melodifestivalen och var julv\u00e4rd tvingades SVT&hellip;\n","protected":false},"author":2,"featured_media":131275,"comment_status":"","ping_status":"","sticky":false,"template":"","format":"standard","meta":{"footnotes":""},"categories":[67],"tags":[104,58,11711,3055,361,4056,34,31,33,32,30,310,105],"class_list":{"0":"post-131274","1":"post","2":"type-post","3":"status-publish","4":"format-standard","5":"has-post-thumbnail","7":"category-underhallning","8":"tag-entertainment","9":"tag-location-israel","10":"tag-location-libanon","11":"tag-organization-melodifestivalen","12":"tag-organization-svt","13":"tag-person-gina-dirawi","14":"tag-se","15":"tag-svenska","16":"tag-sverige","17":"tag-sweden","18":"tag-swedish","19":"tag-topic-kandisar","20":"tag-underhallning"},"share_on_mastodon":{"url":"https:\/\/pubeurope.com\/@se\/115869344298308814","error":""},"_links":{"self":[{"href":"https:\/\/www.europesays.com\/se\/wp-json\/wp\/v2\/posts\/131274","targetHints":{"allow":["GET"]}}],"collection":[{"href":"https:\/\/www.europesays.com\/se\/wp-json\/wp\/v2\/posts"}],"about":[{"href":"https:\/\/www.europesays.com\/se\/wp-json\/wp\/v2\/types\/post"}],"author":[{"embeddable":true,"href":"https:\/\/www.europesays.com\/se\/wp-json\/wp\/v2\/users\/2"}],"replies":[{"embeddable":true,"href":"https:\/\/www.europesays.com\/se\/wp-json\/wp\/v2\/comments?post=131274"}],"version-history":[{"count":0,"href":"https:\/\/www.europesays.com\/se\/wp-json\/wp\/v2\/posts\/131274\/revisions"}],"wp:featuredmedia":[{"embeddable":true,"href":"https:\/\/www.europesays.com\/se\/wp-json\/wp\/v2\/media\/131275"}],"wp:attachment":[{"href":"https:\/\/www.europesays.com\/se\/wp-json\/wp\/v2\/media?parent=131274"}],"wp:term":[{"taxonomy":"category","embeddable":true,"href":"https:\/\/www.europesays.com\/se\/wp-json\/wp\/v2\/categories?post=131274"},{"taxonomy":"post_tag","embeddable":true,"href":"https:\/\/www.europesays.com\/se\/wp-json\/wp\/v2\/tags?post=131274"}],"curies":[{"name":"wp","href":"https:\/\/api.w.org\/{rel}","templated":true}]}}