{"id":131293,"date":"2026-01-10T06:59:06","date_gmt":"2026-01-10T06:59:06","guid":{"rendered":"https:\/\/www.europesays.com\/se\/131293\/"},"modified":"2026-01-10T06:59:06","modified_gmt":"2026-01-10T06:59:06","slug":"10-januari-07-46-sammanfattning-natt-jonkopings-lan","status":"publish","type":"post","link":"https:\/\/www.europesays.com\/se\/131293\/","title":{"rendered":"10 januari 07.46, Sammanfattning natt, J\u00f6nk\u00f6pings l\u00e4n"},"content":{"rendered":"<p>Polisens regionledningscentral har mellan klockan 22.00-07.00 hanterat ett 70-tal \u00e4renden som r\u00f6r J\u00f6nk\u00f6pings l\u00e4n.<\/p>\n<p>Vid 23-tiden larmas polisen till ett br\u00e5k i en l\u00e4genhet i centrala N\u00e4ssj\u00f6. P\u00e5 plats antr\u00e4ffas en man i 40-\u00e5rs\u00e5ldern som har stick- eller sk\u00e4rkador, orsakade av ett vasst f\u00f6rem\u00e5l. Mannen har f\u00f6rts till sjukhus men bed\u00f6ms inte vara livshotande skadad. I l\u00e4genheten finns \u00e4ven en man i 30-\u00e5rs\u00e5ldern som grips misst\u00e4nkt f\u00f6r mordf\u00f6rs\u00f6k. Mannen har senare anh\u00e5llits av \u00e5klagarmyndigheten. L\u00e4genheten \u00e4r avsp\u00e4rrad f\u00f6r teknisk unders\u00f6kning.<\/p>\n<p>23.21 larmas polis till Hovsl\u00e4tt i J\u00f6nk\u00f6ping p\u00e5 grund av att en bil \u00e5ker runt och sm\u00e4ller sm\u00e4llare. Enligt inringaren ska detta ha skett flera kv\u00e4llar i rad. Polis har cirkulerat i omr\u00e5det men inte antr\u00e4ffat n\u00e5gon eller n\u00e5got avvikande.\u00a0<\/p>\n<p>00.42 \u00e5ker en patrull p\u00e5 l\u00e4nsv\u00e4g 151 i Gnosj\u00f6 och stannar vid en viltolycka. En personbil har krockat med en \u00e4lg. F\u00f6raren \u00e4r inte skadad, men \u00e4lgen \u00e4r d\u00f6d och ligger p\u00e5 v\u00e4gen s\u00e5 att trafiken hindras. Personbilen beh\u00f6ver b\u00e4rgas fr\u00e5n platsen. Patrullen drar \u00e4lgen till sidan av v\u00e4gen och mark\u00e4garen kontaktas. F\u00f6raren, som \u00e4r en man i 40-\u00e5rs\u00e5ldern, bl\u00e5ser positivt i polisens m\u00e4tinstrument och f\u00e5r f\u00f6lja med polis f\u00f6r n\u00e4rmare unders\u00f6kning. Mannen misst\u00e4nks sedan f\u00f6r rattfylleri.<\/p>\n","protected":false},"excerpt":{"rendered":"Polisens regionledningscentral har mellan klockan 22.00-07.00 hanterat ett 70-tal \u00e4renden som r\u00f6r J\u00f6nk\u00f6pings l\u00e4n. Vid 23-tiden larmas polisen&hellip;\n","protected":false},"author":2,"featured_media":54,"comment_status":"","ping_status":"","sticky":false,"template":"","format":"standard","meta":{"footnotes":""},"categories":[12],"tags":[22,23,26,27,17,21,24,25,28,29,15,16,18,34,31,33,32,30,19,20],"class_list":{"0":"post-131293","1":"post","2":"type-post","3":"status-publish","4":"format-standard","5":"has-post-thumbnail","7":"category-sverige","8":"tag-breaking-news","9":"tag-breakingnews","10":"tag-featured-news","11":"tag-featurednews","12":"tag-headlines","13":"tag-huvudnyheter","14":"tag-latest-news","15":"tag-latestnews","16":"tag-main-news","17":"tag-mainnews","18":"tag-news","19":"tag-nyheter","20":"tag-rubriker","21":"tag-se","22":"tag-svenska","23":"tag-sverige","24":"tag-sweden","25":"tag-swedish","26":"tag-top-stories","27":"tag-topstories"},"share_on_mastodon":{"url":"https:\/\/pubeurope.com\/@se\/115869513306073742","error":""},"_links":{"self":[{"href":"https:\/\/www.europesays.com\/se\/wp-json\/wp\/v2\/posts\/131293","targetHints":{"allow":["GET"]}}],"collection":[{"href":"https:\/\/www.europesays.com\/se\/wp-json\/wp\/v2\/posts"}],"about":[{"href":"https:\/\/www.europesays.com\/se\/wp-json\/wp\/v2\/types\/post"}],"author":[{"embeddable":true,"href":"https:\/\/www.europesays.com\/se\/wp-json\/wp\/v2\/users\/2"}],"replies":[{"embeddable":true,"href":"https:\/\/www.europesays.com\/se\/wp-json\/wp\/v2\/comments?post=131293"}],"version-history":[{"count":0,"href":"https:\/\/www.europesays.com\/se\/wp-json\/wp\/v2\/posts\/131293\/revisions"}],"wp:featuredmedia":[{"embeddable":true,"href":"https:\/\/www.europesays.com\/se\/wp-json\/wp\/v2\/media\/54"}],"wp:attachment":[{"href":"https:\/\/www.europesays.com\/se\/wp-json\/wp\/v2\/media?parent=131293"}],"wp:term":[{"taxonomy":"category","embeddable":true,"href":"https:\/\/www.europesays.com\/se\/wp-json\/wp\/v2\/categories?post=131293"},{"taxonomy":"post_tag","embeddable":true,"href":"https:\/\/www.europesays.com\/se\/wp-json\/wp\/v2\/tags?post=131293"}],"curies":[{"name":"wp","href":"https:\/\/api.w.org\/{rel}","templated":true}]}}