{"id":131303,"date":"2026-01-10T07:26:13","date_gmt":"2026-01-10T07:26:13","guid":{"rendered":"https:\/\/www.europesays.com\/se\/131303\/"},"modified":"2026-01-10T07:26:13","modified_gmt":"2026-01-10T07:26:13","slug":"uppgifter-ajax-vill-varva-maximilian-ibrahimovic-eredivisie","status":"publish","type":"post","link":"https:\/\/www.europesays.com\/se\/131303\/","title":{"rendered":"Uppgifter: Ajax vill v\u00e4rva Maximilian Ibrahimovic &#8211; Eredivisie"},"content":{"rendered":"<p>Maximilian Ibrahimovic, 19, har tillh\u00f6rt AC Milan sedan 2022 d\u00e5 han ansl\u00f6t fr\u00e5n Hammarby. <\/p>\n<p>Den offensive mittf\u00e4ltaren\/yttern har sedan dess tagit steg genom Milano-klubbens ungdomsakademi samt spelat f\u00f6r klubbens reservlag Milan Futuro.<\/p>\n<p>Nu kan Ibrahimovic vara p\u00e5 v\u00e4g till Ajax. Det uppger den stora nederl\u00e4ndska tidningen De Telegraaf, som h\u00e4nvisar till italienska k\u00e4llor. \u00c4ven andra stora nederl\u00e4ndska medier som voetbalprimeur rapporterar om nyheten.<\/p>\n<p>Uppgifterna g\u00f6r g\u00e4llande att Ajax vill l\u00e5na in svensken fr\u00e5n AC Milan och sedan \u00f6nskar en k\u00f6poption p\u00e5 svensken. <\/p>\n<p>Planen vid en transfer s\u00e4gs vara att Ibrahimovic ska tr\u00e4na med A-laget i Ajax och inledningsvis spela sina matcher f\u00f6r reservlaget Jong Ajax.<\/p>\n<p>De Telegraaf skriver att Ibrahimovic f\u00f6rt diskussioner med flera andra holl\u00e4ndska klubbar men f\u00f6redrar Ajax, d\u00e5 Amsterdam-klubben presenterat en framtidsplan som faller 19-\u00e5ringen i smaken.<\/p>\n<p>Sl\u00e5ende \u00e4r givetvis ocks\u00e5 att Maximilians far, Zlatan Ibrahimovic spelade f\u00f6r Ajax 2001-2004 efter flytten fr\u00e5n Malm\u00f6 FF och firade stora framg\u00e5ngar med den nederl\u00e4ndska j\u00e4tten. <\/p>\n<p>Maximilian Ibrahimovic har spelat arton matcher f\u00f6r Milan Futuro den h\u00e4r s\u00e4songen och noterats f\u00f6r fem m\u00e5l och fem assist. Han har \u00e4nnu inte debuterat i Milans A-lag. <\/p>\n","protected":false},"excerpt":{"rendered":"Maximilian Ibrahimovic, 19, har tillh\u00f6rt AC Milan sedan 2022 d\u00e5 han ansl\u00f6t fr\u00e5n Hammarby. Den offensive mittf\u00e4ltaren\/yttern har&hellip;\n","protected":false},"author":2,"featured_media":131304,"comment_status":"","ping_status":"","sticky":false,"template":"","format":"standard","meta":{"footnotes":""},"categories":[68],"tags":[34,111,110,31,33,32,30],"class_list":{"0":"post-131303","1":"post","2":"type-post","3":"status-publish","4":"format-standard","5":"has-post-thumbnail","7":"category-sport","8":"tag-se","9":"tag-sport","10":"tag-sports","11":"tag-svenska","12":"tag-sverige","13":"tag-sweden","14":"tag-swedish"},"share_on_mastodon":{"url":"https:\/\/pubeurope.com\/@se\/115869619459552367","error":""},"_links":{"self":[{"href":"https:\/\/www.europesays.com\/se\/wp-json\/wp\/v2\/posts\/131303","targetHints":{"allow":["GET"]}}],"collection":[{"href":"https:\/\/www.europesays.com\/se\/wp-json\/wp\/v2\/posts"}],"about":[{"href":"https:\/\/www.europesays.com\/se\/wp-json\/wp\/v2\/types\/post"}],"author":[{"embeddable":true,"href":"https:\/\/www.europesays.com\/se\/wp-json\/wp\/v2\/users\/2"}],"replies":[{"embeddable":true,"href":"https:\/\/www.europesays.com\/se\/wp-json\/wp\/v2\/comments?post=131303"}],"version-history":[{"count":0,"href":"https:\/\/www.europesays.com\/se\/wp-json\/wp\/v2\/posts\/131303\/revisions"}],"wp:featuredmedia":[{"embeddable":true,"href":"https:\/\/www.europesays.com\/se\/wp-json\/wp\/v2\/media\/131304"}],"wp:attachment":[{"href":"https:\/\/www.europesays.com\/se\/wp-json\/wp\/v2\/media?parent=131303"}],"wp:term":[{"taxonomy":"category","embeddable":true,"href":"https:\/\/www.europesays.com\/se\/wp-json\/wp\/v2\/categories?post=131303"},{"taxonomy":"post_tag","embeddable":true,"href":"https:\/\/www.europesays.com\/se\/wp-json\/wp\/v2\/tags?post=131303"}],"curies":[{"name":"wp","href":"https:\/\/api.w.org\/{rel}","templated":true}]}}