{"id":131307,"date":"2026-01-10T07:35:12","date_gmt":"2026-01-10T07:35:12","guid":{"rendered":"https:\/\/www.europesays.com\/se\/131307\/"},"modified":"2026-01-10T07:35:12","modified_gmt":"2026-01-10T07:35:12","slug":"joakims-gata-snorojdes-inte-kan-inte-rulla","status":"publish","type":"post","link":"https:\/\/www.europesays.com\/se\/131307\/","title":{"rendered":"Joakims gata sn\u00f6r\u00f6jdes inte \u2013 &#8221;Kan inte rulla&#8221;"},"content":{"rendered":"<p class=\"ort\">Huddinge<\/p>\n<p class=\"text\">Kritiken mot sn\u00f6r\u00f6jningen \u2013 eller den uteblivna sn\u00f6r\u00f6jningen \u2013 i Huddinge har vuxit i takt med plogvallarna den senaste veckan. F\u00f6r rullstorsburne Joakim K\u00e4sslin p\u00e5 Solv\u00e4gen har det varit tufft, vilket<a target=\"_blank\" rel=\"noopener nofollow\" href=\"https:\/\/www.sverigesradio.se\/artikel\/snorojning-i-huddinge-hindrar-rullstolsburna-joakim\"> P4 Stockholm <\/a>var f\u00f6rst med att rapportera om.<\/p>\n<p class=\"text\">\u2013 Det dr\u00f6jde tre eller fyra dagar innan de plogade f\u00f6rsta g\u00e5ngen. Och n\u00e4r de v\u00e4l plogar g\u00f6r de det inte ordentligt. De tar inte ner bladet i backen, det \u00e4r typ 10 centimeter ovanf\u00f6r marken, s\u00e5 det ligger massa tung sn\u00f6 kvar. Det g\u00e5r inte att rulla en rullstol, barnvagn eller rullator d\u00e4r, s\u00e4ger han till Mitt i.<\/p>\n<p class=\"text\">Joakim K\u00e4sslin hade varit fast hemma om han inte f\u00e5tt hj\u00e4lp.<\/p>\n<p class=\"text\">\u2013 Trottoaren har varit helt full av sn\u00f6 och p\u00e5 v\u00e4gen g\u00e5r det inte att k\u00f6ra rullstolen. Tack vare att min fru skottat kan jag ta mig fram till f\u00e4rdtj\u00e4nstbussen och \u00e5ka till jobbet. Annars hade jag varit fast hemma.<\/p>\n<p class=\"text\">M\u00e5nga villabor har vittnat om oplogade gator. \u00c4ldre och r\u00f6relsehindrade \u00e4r extra h\u00e5rt drabbade.<\/p>\n<p class=\"text\">\u2013 Jag beklagar det. Men vi har k\u00e4mpat p\u00e5 allt vad vi har kunnat och forts\u00e4tter med det. Vi har k\u00f6rt enligt v\u00e5r prioriteringslista och d\u00e5 hamnar tyv\u00e4rr vissa mindre v\u00e4gar sist i k\u00f6n, s\u00e4ger Jerry Nor\u00e9n, gatuchef i Huddinge kommun.<\/p>\n<p class=\"citat\">P\u00e5 vissa st\u00e4llen \u00e4r det enorma sn\u00f6h\u00f6gar mer eller mindre mitt i k\u00f6rbanan, vi m\u00e5ste f\u00e5 bort dem.<\/p>\n<p class=\"text\">En vecka in i sn\u00f6fallet ser han en viss ljusning.<\/p>\n<p class=\"text\">\u2013 \u00c4ntligen har vi nu f\u00e5tt lite andrum av v\u00e4dergudarna och b\u00f6rjar komma ikapp s\u00e5 att vi kan st\u00e4da undan sn\u00f6n. Nu \u00e4r det prio utlastning och att forsla bort s\u00e5 mycket sn\u00f6 vi kan. P\u00e5 vissa st\u00e4llen \u00e4r det enorma sn\u00f6h\u00f6gar mer eller mindre mitt i k\u00f6rbanan, vi m\u00e5ste f\u00e5 bort dem, s\u00e4ger Jerry Nor\u00e9n.<\/p>\n<p><img decoding=\"async\" class=\"Image Image_\" src=\"\" data-aghref=\"http:\/\/www.mitti.se\/image-3.354367.271617.20260109152858.1.3d6d2cf2d3\" data-agimagetype=\"hardcrop\" alt=\"H\u00f6ga sn\u00f6vallar vid en bussh\u00e5llplats i Sn\u00e4ttringe.\"\/><\/p>\n<p class=\"Caption\">H\u00f6ga sn\u00f6vallar vid en bussh\u00e5llplats i Sn\u00e4ttringe.<\/p>\n<p class=\"Source\">Maria \u00d6hman<\/p>\n<p>Sn\u00f6vallar vid bussh\u00e5llplatser<\/p>\n<p class=\"text\">Kritiken mot sn\u00f6r\u00f6jningen har varit massiv.<\/p>\n<p class=\"citat\">Villagatorna har stundtals varit katastrof, men vi har haft fokus p\u00e5 att h\u00e5lla Huddinge rullande.<\/p>\n<p class=\"text\">\u2013 Det l\u00e5ter tjatigt, men <a target=\"_blank\" rel=\"noopener nofollow\" href=\"https:\/\/www.mitti.se\/nyheter\/anstrangt-lage-for-snorojningen-i-huddinge-6.19.338474.d5b51cff11\">det \u00e4r ett exceptionellt l\u00e4ge.<\/a> Det var l\u00e4nge sedan vi hade ett s\u00e5dant h\u00e4r ih\u00e5llande sn\u00f6fall. Villagatorna har stundtals varit katastrof, men vi har haft fokus p\u00e5 att h\u00e5lla Huddinge rullande. Jag \u00e4r n\u00f6jd med att vi klarat det.<\/p>\n<p class=\"text\">Bussgator och stora v\u00e4gar har haft h\u00f6gsta prioritet. <a target=\"_blank\" rel=\"noopener nofollow\" href=\"https:\/\/www.mitti.se\/nyheter\/800-bussar-stalldes-in-pa-fem-dagar-6.3.338666.84c4c85f63\">Trots det har Nobina st\u00e4llt in<\/a> 800 bussturer p\u00e5 fem dagar och 100 bussar har b\u00e4rgats i Huddinge, Botkyrka och s\u00f6derort. <\/p>\n<p class=\"text\">P\u00e5 flera h\u00e5ll har det dessutom varit enorma sn\u00f6vallar vid bussh\u00e5llplatser.<\/p>\n<p class=\"text\">\u2013 Det beklagar jag. Men vi har ingenstans att trycka sn\u00f6n p\u00e5. Normalt kan man lasta ut sn\u00f6 mellan plogningarna, men det har vi inte kunnat g\u00f6ra nu eftersom det fortsatt sn\u00f6a. Men jag \u00e4r absolut inte n\u00f6jd med det, s\u00e4ger Jerry Nor\u00e9n.<\/p>\n<p><img decoding=\"async\" class=\"Image Image_\" src=\"\" data-aghref=\"http:\/\/www.mitti.se\/image-3.354365.271617.20260109152858.1.1e5242ed05\" data-agimagetype=\"hardcrop\" alt=\"En ambulans k\u00f6rde fast i sn\u00f6n backen bakom Diagnosv\u00e4gen i Flemingsberg p\u00e5 kv\u00e4llen den 3 januari.\"\/><\/p>\n<p class=\"Caption\">En ambulans k\u00f6rde fast i sn\u00f6n backen bakom Diagnosv\u00e4gen i Flemingsberg p\u00e5 kv\u00e4llen den 3 januari.<\/p>\n<p class=\"Source\">Carolina Olmedo <\/p>\n<p>Utmaning f\u00f6r r\u00e4ddningstj\u00e4nsten<\/p>\n<p class=\"text\">Han s\u00e4ger att kommunen hela tiden haft t\u00e4t kontakt med r\u00e4ddningstj\u00e4nsten och att det varit ett akut fall d\u00e4r de kr\u00e4vde \u00e5tg\u00e4rd.<\/p>\n<p class=\"text\">\u2013 Det var en villabrand i Skog\u00e5s. De kom fram, men upplevde utmaningar. D\u00e5 svarade vi direkt och skickade en bil. <\/p>\n<p class=\"text\">I sociala medier har m\u00e5nga lyft att det inte g\u00e5r att felanm\u00e4la till kommunen.<\/p>\n<p class=\"text\">\u2013 Under p\u00e5g\u00e5ende insats tar vi inte emot felanm\u00e4lningar. Det skulle ta f\u00f6r mycket resurser att \u00e5ka runt och titta p\u00e5 alla fall. Jag f\u00f6rst\u00e5r att det kan upplevas som att kommunen st\u00e4ngt felanm\u00e4lan, men s\u00e5 \u00e4r det inte, s\u00e4ger Jerry Nor\u00e9n.<\/p>\n<p>Inger Edenfeldt Malmberg, 81, reagerade p\u00e5 den h\u00f6ga sn\u00f6vallen utanf\u00f6r entr\u00e9n till Huddinge v\u00e5rdcentral. N\u00e4r den var kvar ett par dagar senare tog hon fram en skyffel och skottade fram en g\u00e5ngv\u00e4g.\u2013 Kan man s\u00e5 b\u00f6r man hj\u00e4lpa till, s\u00e4ger hon.<\/p>\n<p class=\"ort\">Huddinge<\/p>\n<p class=\"text\">N\u00e4r Inger Edenfeldt Malmberg skulle till v\u00e5rdcentralen i m\u00e5ndags m\u00f6ttes hon av en h\u00f6g sn\u00f6vall utanf\u00f6r entr\u00e9n p\u00e5 Patron Pehrs v\u00e4g. <\/p>\n<p class=\"text\">\u2013 Jag skulle till min husl\u00e4kare, min man k\u00f6rde mig dit. Men jag kom inte in, jag fick g\u00e5 runt. Jag klarar mig, jag kan g\u00e5, men jag s\u00e5g folk med rullatorer och en familj som inte kunde komma in. D\u00e5 blev jag arg och t\u00e4nkte &#8221;Vad \u00e4r det h\u00e4r?&#8221; Jag skyller inte p\u00e5 kommunen, jag vet att de jobbar h\u00e5rt med att f\u00e5 bort sn\u00f6n, s\u00e4ger hon.<\/p>\n<p class=\"text\">P\u00e5 onsdagen \u00e5kte hon och maken f\u00f6rbi f\u00f6r att se om vallen var borta. <\/p>\n<p class=\"text\">\u2013 Vi hade varit och handlat och p\u00e5 hemv\u00e4gen s\u00e5 \u00e5kte vi dit f\u00f6r att se om det s\u00e5g likadant ut. Det gjorde det, vallen var kvar. D\u00e5 t\u00e4nkte jag &#8221;nej, men jag tar fram v\u00e5r sn\u00f6skyffel som vi har i bilen&#8221;. Det var en spontan tanke, ber\u00e4ttar Inger Edenfeldt Malmberg.<\/p>\n<p>Skottar garageuppfarten<\/p>\n<p class=\"text\">Sagt och gjort. Inger plockade ur skyffeln ur bilen och skottade fram en g\u00e5ngv\u00e4g genom vallen.<\/p>\n<p class=\"citat\">Sn\u00f6n lade jag upp mot husv\u00e4ggen. Det gick p\u00e5 fem minuter.<\/p>\n<p class=\"text\">\u2013 Jag skottade en drygt en meter bred g\u00e5ngv\u00e4g s\u00e5 att man kan ta sig fram med rullator. Sn\u00f6n lade jag upp mot husv\u00e4ggen. Det gick p\u00e5 fem minuter, min man satt kvar i bilen. <\/p>\n<p class=\"text\">Inger tycker inte att det \u00e4r n\u00e5got m\u00e4rkv\u00e4rdigt och tycker att det \u00e4r lite pinsamt med uppm\u00e4rksamheten. Hon \u00e4r van vid att skotta. Hon och maken bor i villa i Fullersta och har en l\u00e5ng garageuppfart som hon skottar. <\/p>\n<p class=\"text\">\u2013 \u00c4ven om det \u00e4r mycket sn\u00f6 s\u00e5 klarar jag det. Min man kan inte skotta, tyv\u00e4rr, s\u00e5 jag f\u00e5r g\u00f6ra det. <\/p>\n<p class=\"text\">Hon tycker att fler borde hj\u00e4lpas \u00e5t ist\u00e4llet f\u00f6r att gn\u00e4lla \u00f6ver sn\u00f6r\u00f6jningen.<\/p>\n<p class=\"text\">\u2013 Kan man s\u00e5 b\u00f6r man hj\u00e4lpa till i st\u00e4llet f\u00f6r att bara klaga, s\u00e4ger hon.<\/p>\n<p><img decoding=\"async\" class=\"Image Image_\" src=\"\" data-aghref=\"http:\/\/www.mitti.se\/image-3.354127.271410.20260108141734.7b13ce75b4\" data-agimagetype=\"hardcrop\" alt=\"Inger Edenfeldt Malmberg \u00e4r van vid att skotta sn\u00f6 hemma p\u00e5 garageuppfarten i Fullersta. Avstickaren till v\u00e5rdcentralen skedde spontant. \"\/><\/p>\n<p class=\"Caption\">Inger Edenfeldt Malmberg \u00e4r van vid att skotta sn\u00f6 hemma p\u00e5 garageuppfarten i Fullersta. Avstickaren till v\u00e5rdcentralen skedde spontant. <\/p>\n<p class=\"Source\">L\u00e4sarbild <\/p>\n<p class=\"teaser\">Plockade fram skyffeln ur bilen \u2013 &#8221;Gick p\u00e5 fem minuter&#8221; \u2714 Tycker att fler borde hj\u00e4lpas \u00e5t<\/p>\n","protected":false},"excerpt":{"rendered":"Huddinge Kritiken mot sn\u00f6r\u00f6jningen \u2013 eller den uteblivna sn\u00f6r\u00f6jningen \u2013 i Huddinge har vuxit i takt med plogvallarna&hellip;\n","protected":false},"author":2,"featured_media":131308,"comment_status":"","ping_status":"","sticky":false,"template":"","format":"standard","meta":{"footnotes":""},"categories":[12],"tags":[22,23,26,27,17,21,24,25,28,29,15,16,18,34,31,33,32,30,19,20],"class_list":{"0":"post-131307","1":"post","2":"type-post","3":"status-publish","4":"format-standard","5":"has-post-thumbnail","7":"category-sverige","8":"tag-breaking-news","9":"tag-breakingnews","10":"tag-featured-news","11":"tag-featurednews","12":"tag-headlines","13":"tag-huvudnyheter","14":"tag-latest-news","15":"tag-latestnews","16":"tag-main-news","17":"tag-mainnews","18":"tag-news","19":"tag-nyheter","20":"tag-rubriker","21":"tag-se","22":"tag-svenska","23":"tag-sverige","24":"tag-sweden","25":"tag-swedish","26":"tag-top-stories","27":"tag-topstories"},"share_on_mastodon":{"url":"https:\/\/pubeurope.com\/@se\/115869654900912617","error":""},"_links":{"self":[{"href":"https:\/\/www.europesays.com\/se\/wp-json\/wp\/v2\/posts\/131307","targetHints":{"allow":["GET"]}}],"collection":[{"href":"https:\/\/www.europesays.com\/se\/wp-json\/wp\/v2\/posts"}],"about":[{"href":"https:\/\/www.europesays.com\/se\/wp-json\/wp\/v2\/types\/post"}],"author":[{"embeddable":true,"href":"https:\/\/www.europesays.com\/se\/wp-json\/wp\/v2\/users\/2"}],"replies":[{"embeddable":true,"href":"https:\/\/www.europesays.com\/se\/wp-json\/wp\/v2\/comments?post=131307"}],"version-history":[{"count":0,"href":"https:\/\/www.europesays.com\/se\/wp-json\/wp\/v2\/posts\/131307\/revisions"}],"wp:featuredmedia":[{"embeddable":true,"href":"https:\/\/www.europesays.com\/se\/wp-json\/wp\/v2\/media\/131308"}],"wp:attachment":[{"href":"https:\/\/www.europesays.com\/se\/wp-json\/wp\/v2\/media?parent=131307"}],"wp:term":[{"taxonomy":"category","embeddable":true,"href":"https:\/\/www.europesays.com\/se\/wp-json\/wp\/v2\/categories?post=131307"},{"taxonomy":"post_tag","embeddable":true,"href":"https:\/\/www.europesays.com\/se\/wp-json\/wp\/v2\/tags?post=131307"}],"curies":[{"name":"wp","href":"https:\/\/api.w.org\/{rel}","templated":true}]}}