{"id":131311,"date":"2026-01-10T07:41:18","date_gmt":"2026-01-10T07:41:18","guid":{"rendered":"https:\/\/www.europesays.com\/se\/131311\/"},"modified":"2026-01-10T07:41:18","modified_gmt":"2026-01-10T07:41:18","slug":"clas-ohlson-toppade-julhandeln-trots-braket","status":"publish","type":"post","link":"https:\/\/www.europesays.com\/se\/131311\/","title":{"rendered":"Clas Ohlson toppade julhandeln \u2013 trots br\u00e5ket"},"content":{"rendered":"<p>Publicerad 9 jan 2026 kl 16.52Uppdaterad kl 20.39<\/p>\n<p>Clas Ohlson gjorde en ovanlig sak 2025 \u2013 s\u00e4nkte anst\u00e4lldas l\u00f6ner.<\/p>\n<p>Trots protesterna slog f\u00f6retaget sedan rekord i julhandeln.<\/p>\n<p>\u2013 Bra att f\u00f6retaget g\u00e5r bra. Men det \u00e4r \u00e4nd\u00e5 vi p\u00e5 golvet som har gjort ett fantastiskt jobb, s\u00e4ger klubbordf\u00f6randen Ann Hasselberg.<\/p>\n<p>Senaste nyhetsklippen fr\u00e5n Expressen.<img   alt=\"\"\/><\/p>\n<p>Clas Ohlson gjorde en ovanlig sak 2025 \u2013 s\u00e4nkte anst\u00e4lldas l\u00f6ner.<\/p>\n<p>Foto: ANNA-KARIN NILSSON<\/p>\n<p>\u00d6ppna bild i helsk\u00e4rm<img loading=\"lazy\"   alt=\"\"\/><\/p>\n<p>Klubbordf\u00f6randen Ann Hasselberg.<\/p>\n<p>Foto: Privat<\/p>\n<p>\u00d6ppna bild i helsk\u00e4rm<\/p>\n<p>\u201dVi fixar det\u201d \u00e4r f\u00f6retaget <a href=\"https:\/\/www.expressen.se\/tagg\/organization\/clas-ohlson\/\" class=\"\" rel=\"nofollow noopener\" target=\"_blank\">Clas Ohlsons<\/a> motto \u2013 och det gjorde de. Trots att en konflikt skakade f\u00f6retaget gick julhandeln i de 244 butikerna superbra.\u00a0<\/p>\n<p>Rekordbra, till och med.<\/p>\n<p>\u2013 Med sju procents organisk f\u00f6rs\u00e4ljnings\u00f6kning j\u00e4mf\u00f6rt med f\u00f6reg\u00e5ende \u00e5r presterade vi i december <strong>den h\u00f6gsta m\u00e5nadsf\u00f6rs\u00e4ljningen n\u00e5gonsin<\/strong>, s\u00e4ger Kristofer Tonstr\u00f6m, vd och koncernchef i ett pressmeddelande.<\/p>\n<p>Framg\u00e5ngen kommer trots en uppslitande konflikt under h\u00f6sten 2025.<\/p>\n<p><img loading=\"lazy\"   alt=\"\"\/><\/p>\n<p>Nettooms\u00e4ttningen i december var 1 676 miljoner kronor. Clas Ohlsson har \u00f6ppnat nya butiker och har nu 244 stycken.<\/p>\n<p>Foto: ANNA-KARIN NILSSON<\/p>\n<p>\u00d6ppna bild i helsk\u00e4rm<\/p>\n<p>Fram till nu har lagerarbetarna i Insj\u00f6n haft f\u00f6rm\u00e5ner som andra Handels-anslutna saknar. Extra OB-timmar, extra ledighet och prestationsl\u00f6n som baseras p\u00e5 f\u00f6retagets framg\u00e5ng.\u00a0<\/p>\n<p>Den 1 maj f\u00f6rsvinner de h\u00e4r f\u00f6rm\u00e5nerna, som varit del av den pensionsgrundande l\u00f6nen. I st\u00e4llet inf\u00f6rs en bonus.<\/p>\n<p>F\u00f6r en del anst\u00e4llda kan det inneb\u00e4ra en minskning med 5 000 kronor per m\u00e5nad, kanske s\u00e5 mycket som <a href=\"https:\/\/www.expressen.se\/nyheter\/sverige\/de-stannar-pa-clas-ohlson-forlorar-10-000-i-manaden\/\" rel=\"nofollow noopener\" target=\"_blank\">8 000 kronor i m\u00e5naden<\/a>, enligt huvudskyddsombudet Tommy Stenbergs ber\u00e4kningar i oktober.<\/p>\n<p>Protesterna mot f\u00f6r\u00e4ndringen var stora.<\/p>\n<p><img loading=\"lazy\"   alt=\"\"\/><\/p>\n<p>Maria och Josef Nordvall jobbar b\u00e5da kvar p\u00e5 Clas Ohlson. De f\u00f6rlorar minst 10 000 kronor n\u00e4r f\u00f6r\u00e4ndringen g\u00e5r igenom i maj, ber\u00e4ttade de f\u00f6r Expressen i oktober.<\/p>\n<p>Foto: ANNA-KARIN NILSSON<\/p>\n<p>\u00d6ppna bild i helsk\u00e4rm<\/p>\n<p>\u2013 De ber\u00e4ttade det som att vi ska vara tacksamma att vi f\u00e5r vara kvar. Men till vilket pris? De sj\u00e4lva har s\u00e5 mycket pengar s\u00e5 det spelar ingen roll. Men f\u00f6r oss p\u00e5 golvet kan en hundralapp betyda mycket, sa lageranst\u00e4llda Maria Nordvall som Expressen tr\u00e4ffade d\u00e5.<\/p>\n<p>Tre personer sa upp sig direkt d\u00e5 f\u00f6rs\u00e4mringen presenterades. Sedan dess har fler hoppat av, enligt facket, och ytterligare personer \u00e4r p\u00e5 v\u00e4g.<\/p>\n<p>\u2013 Absolut, det \u00e4r det. V\u00e4ldigt m\u00e5nga letar nytt arbete. M\u00e5nga har b\u00f6rjat studera, som man inte hade gjort annars, s\u00e4ger Ann Hasselberg, klubbordf\u00f6rande.<\/p>\n<p>Facket: Clas Ohlson-andan \u00e4r borta<\/p>\n<p>Hon menar att en l\u00e4gre prestationsl\u00f6n skulle vara acceptabel.\u00a0<\/p>\n<p>\u2013 Men att ta bort allt, n\u00e4r f\u00f6retaget g\u00e5r s\u00e5 bra \u2013 det har m\u00e5nga sv\u00e5rt att f\u00f6rst\u00e5.<\/p>\n<p>\u2013 V\u00e5rdar man sin personal och tar hand om dem, d\u00e5 tar personalen hand om f\u00f6retaget. Det har varit Clas Ohlson-andan \u2013 men den \u00e4r borta nu.\u00a0<\/p>\n<p>F\u00f6retagsledningen p\u00e5pekar i en kommentar att grundl\u00f6nen inte s\u00e4nks.<\/p>\n<p>\u2013 Vi \u00e4ndrar en form av r\u00f6rlig ers\u00e4ttning till en annan, skriver kommunikationschefen Niklas Carlsson i ett mejl.<\/p>\n","protected":false},"excerpt":{"rendered":"Publicerad 9 jan 2026 kl 16.52Uppdaterad kl 20.39 Clas Ohlson gjorde en ovanlig sak 2025 \u2013 s\u00e4nkte anst\u00e4lldas&hellip;\n","protected":false},"author":2,"featured_media":131312,"comment_status":"","ping_status":"","sticky":false,"template":"","format":"standard","meta":{"footnotes":""},"categories":[65],"tags":[72,70,71,1366,34,154,31,33,32,30,3187],"class_list":{"0":"post-131311","1":"post","2":"type-post","3":"status-publish","4":"format-standard","5":"has-post-thumbnail","7":"category-ekonomi","8":"tag-business","9":"tag-economy","10":"tag-ekonomi","11":"tag-organization-clas-ohlson","12":"tag-se","13":"tag-sections-sverige","14":"tag-svenska","15":"tag-sverige","16":"tag-sweden","17":"tag-swedish","18":"tag-topic-demonstration-protest"},"share_on_mastodon":{"url":"https:\/\/pubeurope.com\/@se\/115869678498863128","error":""},"_links":{"self":[{"href":"https:\/\/www.europesays.com\/se\/wp-json\/wp\/v2\/posts\/131311","targetHints":{"allow":["GET"]}}],"collection":[{"href":"https:\/\/www.europesays.com\/se\/wp-json\/wp\/v2\/posts"}],"about":[{"href":"https:\/\/www.europesays.com\/se\/wp-json\/wp\/v2\/types\/post"}],"author":[{"embeddable":true,"href":"https:\/\/www.europesays.com\/se\/wp-json\/wp\/v2\/users\/2"}],"replies":[{"embeddable":true,"href":"https:\/\/www.europesays.com\/se\/wp-json\/wp\/v2\/comments?post=131311"}],"version-history":[{"count":0,"href":"https:\/\/www.europesays.com\/se\/wp-json\/wp\/v2\/posts\/131311\/revisions"}],"wp:featuredmedia":[{"embeddable":true,"href":"https:\/\/www.europesays.com\/se\/wp-json\/wp\/v2\/media\/131312"}],"wp:attachment":[{"href":"https:\/\/www.europesays.com\/se\/wp-json\/wp\/v2\/media?parent=131311"}],"wp:term":[{"taxonomy":"category","embeddable":true,"href":"https:\/\/www.europesays.com\/se\/wp-json\/wp\/v2\/categories?post=131311"},{"taxonomy":"post_tag","embeddable":true,"href":"https:\/\/www.europesays.com\/se\/wp-json\/wp\/v2\/tags?post=131311"}],"curies":[{"name":"wp","href":"https:\/\/api.w.org\/{rel}","templated":true}]}}