{"id":131314,"date":"2026-01-10T07:44:09","date_gmt":"2026-01-10T07:44:09","guid":{"rendered":"https:\/\/www.europesays.com\/se\/131314\/"},"modified":"2026-01-10T07:44:09","modified_gmt":"2026-01-10T07:44:09","slug":"hugo-alnefelt-fick-skridsko-mot-huvudet","status":"publish","type":"post","link":"https:\/\/www.europesays.com\/se\/131314\/","title":{"rendered":"Hugo Alnefelt fick skridsko mot huvudet"},"content":{"rendered":"<p><a data-test-tag=\"internal-link\" href=\"https:\/\/www.aftonbladet.se\/av\/amanda-zaza\" class=\"hyperion-css-13ns1rr\" rel=\"nofollow noopener\" target=\"\" aria-label=\"Se alla artiklar av Amanda Zaza\"><img decoding=\"async\" class=\"image-asset hyperion-css-n6kkq1\" data-test-tag=\"image-asset\" src=\"https:\/\/www.europesays.com\/se\/wp-content\/uploads\/2026\/01\/1768031048_55_be766d86-0a01-427b-a374-88c037ad4655.png\"  alt=\"\"  loading=\"lazy\" fetchpriority=\"auto\" style=\"aspect-ratio:1900 \/ 1900\"\/><\/a>share-arrowDela<\/p>\n<p>unsaveSpara<\/p>\n<p>Lyssna p\u00e5 artikelnLyssna p\u00e5&#8230;<\/p>\n<p>expand-left<\/p>\n<p>helsk\u00e4rm<img decoding=\"async\" class=\"image-asset hyperion-css-u06ts1\" data-test-tag=\"image-asset\" src=\"https:\/\/www.europesays.com\/se\/wp-content\/uploads\/2026\/01\/5d45b6e6-be93-4925-abc9-a61eab57d6b5.jpeg\"  alt=\"Hugo Alnefelt. \"  loading=\"eager\" fetchpriority=\"high\" style=\"aspect-ratio:1900 \/ 1267\"\/>Hugo Alnefelt. Foto: Simon Eliasson \/ Bildbyr\u00e5n<\/p>\n<p class=\"hyperion-css-1shl3oz\" data-test-tag=\"lead-text\">Mardr\u00f6msscener utspelade sig i den finska ligan. <\/p>\n<p class=\"hyperion-css-1shl3oz\" data-test-tag=\"lead-text\">Hugo Alnefelt, 24, fick en skridsko i huvudet \u2013 och tvingades l\u00e4mna i ambulans. <\/p>\n<p class=\"hyperion-css-1shl3oz\" data-test-tag=\"lead-text\">\u2013 Du tycker inte att det \u00e4r straff?!, skrek tr\u00e4naren Olli Jokinen mot domaren. <\/p>\n<p class=\"hyperion-css-1v9qo5x\">Det var i oktober som Hugo Alnefelt, som tillh\u00f6r HV71 l\u00e5nades ut till Helsingfors IK i den finska ligan. <\/p>\n<p class=\"hyperion-css-1v9qo5x\">Och det var i m\u00f6tet mellan HIFK och Ilves Tampere som olyckan var framme f\u00f6r svensken. <\/p>\n<p class=\"hyperion-css-1v9qo5x\">Tidigt i den f\u00f6rsta perioden \u00e5kte Teemu Engberg rakt p\u00e5 24-\u00e5ringen och tr\u00e4ffade honom i huvudet med skridskon, enligt <a aria-label=\"finska medier. \" class=\"sportbladet hyperion-css-15jkft9\" href=\"https:\/\/www.hs.fi\/urheilu\/art-2000011740621.html\" rel=\"noopener nofollow noreferrer\" data-test-tag=\"external-link\" target=\"_blank\">finska medier. <\/a><\/p>\n<p>expand-left<\/p>\n<p>helsk\u00e4rm<img decoding=\"async\" class=\"image-asset hyperion-css-u06ts1\" data-test-tag=\"image-asset\" src=\"https:\/\/www.europesays.com\/se\/wp-content\/uploads\/2026\/01\/a70b0211-90e3-4c06-b505-10136911e933.jpeg\"  alt=\"Alnefelt, nu i Helsingfors IK, fick en skridsko i huvudet\"  loading=\"eager\" fetchpriority=\"high\" style=\"aspect-ratio:1900 \/ 1150\"\/>Alnefelt, nu i Helsingfors IK, fick en skridsko i huvudetTr\u00e4narens ilska<\/p>\n<p class=\"hyperion-css-1v9qo5x\">Svensken blev liggande p\u00e5 isen under en l\u00e4ngre period, men fick snabbt v\u00e5rd innan han rullades ut p\u00e5 b\u00e5r och f\u00f6rdes till sjukhus i ambulans. <\/p>\n<p class=\"hyperion-css-1v9qo5x\">Den tidigare Timr\u00e5tr\u00e4naren, <a data-test-tag=\"internal-link\" href=\"https:\/\/www.aftonbladet.se\/tagg\/olli-jokinen\" class=\"hyperion-css-15jkft9\" rel=\"nofollow noopener\" target=\"\" aria-label=\"Olli Jokinen\" theme=\"sportbladet\">Olli Jokinen<\/a>, numera i HIFK var rasande p\u00e5 domaren efter situationen. <\/p>\n<p class=\"hyperion-css-1v9qo5x\">\u2013 Du tycker inte det \u00e4r straff? Han g\u00e5r rakt in i den bl\u00e5 zonen, han \u00e4r inte utanf\u00f6r m\u00e5lvaktsomr\u00e5det. \u00c4r det inte i den bl\u00e5 zonen d\u00e4r m\u00e5lvakten ska skyddas? Okej. Bl\u00e5s inte i visselpipan n\u00e4r exakt samma sak h\u00e4nder p\u00e5 andra sidan senare i matchen, skrek han mot domaren. <\/p>\n<p class=\"hyperion-css-1v9qo5x\">Enligt finska medier ska Alnefelt vara stabil, trots att han fortsatt genomg\u00e5r tester p\u00e5 sjukhuset. <\/p>\n","protected":false},"excerpt":{"rendered":"share-arrowDela unsaveSpara Lyssna p\u00e5 artikelnLyssna p\u00e5&#8230; expand-left helsk\u00e4rmHugo Alnefelt. Foto: Simon Eliasson \/ Bildbyr\u00e5n Mardr\u00f6msscener utspelade sig i&hellip;\n","protected":false},"author":2,"featured_media":131315,"comment_status":"","ping_status":"","sticky":false,"template":"","format":"standard","meta":{"footnotes":""},"categories":[5],"tags":[22,23,26,27,17,21,24,25,28,29,15,16,18,34,31,33,32,30,19,20],"class_list":{"0":"post-131314","1":"post","2":"type-post","3":"status-publish","4":"format-standard","5":"has-post-thumbnail","7":"category-rubriker","8":"tag-breaking-news","9":"tag-breakingnews","10":"tag-featured-news","11":"tag-featurednews","12":"tag-headlines","13":"tag-huvudnyheter","14":"tag-latest-news","15":"tag-latestnews","16":"tag-main-news","17":"tag-mainnews","18":"tag-news","19":"tag-nyheter","20":"tag-rubriker","21":"tag-se","22":"tag-svenska","23":"tag-sverige","24":"tag-sweden","25":"tag-swedish","26":"tag-top-stories","27":"tag-topstories"},"share_on_mastodon":{"url":"https:\/\/pubeurope.com\/@se\/115869690292986887","error":""},"_links":{"self":[{"href":"https:\/\/www.europesays.com\/se\/wp-json\/wp\/v2\/posts\/131314","targetHints":{"allow":["GET"]}}],"collection":[{"href":"https:\/\/www.europesays.com\/se\/wp-json\/wp\/v2\/posts"}],"about":[{"href":"https:\/\/www.europesays.com\/se\/wp-json\/wp\/v2\/types\/post"}],"author":[{"embeddable":true,"href":"https:\/\/www.europesays.com\/se\/wp-json\/wp\/v2\/users\/2"}],"replies":[{"embeddable":true,"href":"https:\/\/www.europesays.com\/se\/wp-json\/wp\/v2\/comments?post=131314"}],"version-history":[{"count":0,"href":"https:\/\/www.europesays.com\/se\/wp-json\/wp\/v2\/posts\/131314\/revisions"}],"wp:featuredmedia":[{"embeddable":true,"href":"https:\/\/www.europesays.com\/se\/wp-json\/wp\/v2\/media\/131315"}],"wp:attachment":[{"href":"https:\/\/www.europesays.com\/se\/wp-json\/wp\/v2\/media?parent=131314"}],"wp:term":[{"taxonomy":"category","embeddable":true,"href":"https:\/\/www.europesays.com\/se\/wp-json\/wp\/v2\/categories?post=131314"},{"taxonomy":"post_tag","embeddable":true,"href":"https:\/\/www.europesays.com\/se\/wp-json\/wp\/v2\/tags?post=131314"}],"curies":[{"name":"wp","href":"https:\/\/api.w.org\/{rel}","templated":true}]}}