{"id":131316,"date":"2026-01-10T07:46:15","date_gmt":"2026-01-10T07:46:15","guid":{"rendered":"https:\/\/www.europesays.com\/se\/131316\/"},"modified":"2026-01-10T07:46:15","modified_gmt":"2026-01-10T07:46:15","slug":"stor-framgang-for-varmlandskan-kul-att-det-rackte-till-pallen-nwt","status":"publish","type":"post","link":"https:\/\/www.europesays.com\/se\/131316\/","title":{"rendered":"Stor framg\u00e5ng f\u00f6r v\u00e4rml\u00e4ndskan: \u201dKul att det r\u00e4ckte till pallen\u201d &#8211; NWT"},"content":{"rendered":"<ol>\n<li><a href=\"https:\/\/news.google.com\/rss\/articles\/CBMinwFBVV95cUxQUlNzRWRobWM5dll5RXYyeFBrZHI5a2xZTnZDQ3JOVDdZY2lkX19LcDdlRVV1bjliWF9oVzRfWHNDZks2bUFsa05qdk8wUXUtcEtaZGVpSWlka2Z2MHJVUUxkSGp1dU5GV2VGVlRNWHFkVzhoU0RNM2NtblBaTXhaVmVqVk4xUUNnYXJ2dW9za2NES0tWc0lFNUVkTWIzTzg?oc=5\" target=\"_blank\" rel=\"nofollow noopener\">Stor framg\u00e5ng f\u00f6r v\u00e4rml\u00e4ndskan: \u201dKul att det r\u00e4ckte till pallen\u201d<\/a>&nbsp;&nbsp;NWT<\/li>\n<li><a href=\"https:\/\/news.google.com\/rss\/articles\/CBMivAFBVV95cUxPalRhMEFVdDZsYTlsV0VIcUlqV1phX3pkRktuWGMtLWFRaHl6Z3o1eHdiY3NPdFI3dEhUOG9aaFBsMUgxYk5vaGVDOXFqV2NjRnA1NkJ6bUcyekhZR0daS21nNjZCM2xzMERxRFYzX0lpRUNPWXkxX0doUmRrdTlGRXQyX3hrVWkyZFZPT25TR002V3h5Z1c5RTdhWHc5czYya2hnUGFoWlduNHBqVHhoUTZ5ZkdJbGllNjQ0Zg?oc=5\" target=\"_blank\" rel=\"nofollow noopener\">Vintersport: Dubbelt svenskt p\u00e5 pallen i IBU-cupen \u2013 Vinterstudion 2025\/26 \u2013 nyheter och s\u00e4ndningar<\/a>&nbsp;&nbsp;SVT Nyheter<\/li>\n<li><a href=\"https:\/\/news.google.com\/rss\/articles\/CBMikAFBVV95cUxPVWpMbE5qZmNRY3NyYkRIQTZiODh3ME9XdUZvX2w3OUxndVZBTHhxRVU0elRwVXNKbE5sOXBJV0tFYUJLRjlfZTd1anJfckNTX1VUa283YXNuV2xQeHJXcXpvTG9Dc1IxZmJzRXgzV1VzTFVNNlI1dUJHQmtPMjBRSkYyTm9XTngtZmh2eWhKRlc?oc=5\" target=\"_blank\" rel=\"nofollow noopener\">28-\u00e5ringen tog karri\u00e4rens f\u00f6rsta pallplats i IBU-cupen<\/a>&nbsp;&nbsp;Langd.se<\/li>\n<li><a href=\"https:\/\/news.google.com\/rss\/articles\/CBMinAFBVV95cUxOcHFUOVJfeEdoTjlDVS1NN3VkV0xZLVF6ZzZ2NW5Zb0tUU2prRU4yVE15a0o5bXZ3YktFWTV5LWRrajI4NUtTbEFNekEyUkRDTFZzcVUzaUl6TU9QYlU2R2d0clpfZlZ4bVI2czB4cThGREg0Q2ZaemsyazlPNHFYWkN3OElzUlkzbU1yX0JQQkF6ZjE4WVJZQ2IzbWc?oc=5\" target=\"_blank\" rel=\"nofollow noopener\">Anna Hedstr\u00f6m, 27: \u201dDet h\u00e4r \u00e4r det b\u00e4sta jag gjort\u201d<\/a>&nbsp;&nbsp;Tidningen \u00c5ngermanland<\/li>\n<li><a href=\"https:\/\/news.google.com\/rss\/articles\/CBMikwFBVV95cUxOT1VTQXoyOXRSX1NVRXJxYnhOU3lSaFl1UzBsb0xzN05DWHVtTk9IakRfb05od3VRMzRXYkZsNmlmaVhhX0Y2NzFYalZVNTVORWVtZktEQzJXMGVuOVhabklIcU5KWjlfckozUGZQWGJlTHFZYnJ4Y294WTNGRWRIbE1wUkJ5Mlc1MmJ2SzF0N3c2Unc?oc=5\" target=\"_blank\" rel=\"nofollow noopener\">Norsk talang vinner IBU Cup-kort individuellt i Arber<\/a>&nbsp;&nbsp;ProXCskiing<\/li>\n<\/ol>\n","protected":false},"excerpt":{"rendered":"Stor framg\u00e5ng f\u00f6r v\u00e4rml\u00e4ndskan: \u201dKul att det r\u00e4ckte till pallen\u201d&nbsp;&nbsp;NWT Vintersport: Dubbelt svenskt p\u00e5 pallen i IBU-cupen \u2013&hellip;\n","protected":false},"author":2,"featured_media":131317,"comment_status":"","ping_status":"","sticky":false,"template":"","format":"standard","meta":{"footnotes":""},"categories":[68],"tags":[34,111,110,31,33,32,30],"class_list":{"0":"post-131316","1":"post","2":"type-post","3":"status-publish","4":"format-standard","5":"has-post-thumbnail","7":"category-sport","8":"tag-se","9":"tag-sport","10":"tag-sports","11":"tag-svenska","12":"tag-sverige","13":"tag-sweden","14":"tag-swedish"},"share_on_mastodon":{"url":"https:\/\/pubeurope.com\/@se\/115869698145534593","error":""},"_links":{"self":[{"href":"https:\/\/www.europesays.com\/se\/wp-json\/wp\/v2\/posts\/131316","targetHints":{"allow":["GET"]}}],"collection":[{"href":"https:\/\/www.europesays.com\/se\/wp-json\/wp\/v2\/posts"}],"about":[{"href":"https:\/\/www.europesays.com\/se\/wp-json\/wp\/v2\/types\/post"}],"author":[{"embeddable":true,"href":"https:\/\/www.europesays.com\/se\/wp-json\/wp\/v2\/users\/2"}],"replies":[{"embeddable":true,"href":"https:\/\/www.europesays.com\/se\/wp-json\/wp\/v2\/comments?post=131316"}],"version-history":[{"count":0,"href":"https:\/\/www.europesays.com\/se\/wp-json\/wp\/v2\/posts\/131316\/revisions"}],"wp:featuredmedia":[{"embeddable":true,"href":"https:\/\/www.europesays.com\/se\/wp-json\/wp\/v2\/media\/131317"}],"wp:attachment":[{"href":"https:\/\/www.europesays.com\/se\/wp-json\/wp\/v2\/media?parent=131316"}],"wp:term":[{"taxonomy":"category","embeddable":true,"href":"https:\/\/www.europesays.com\/se\/wp-json\/wp\/v2\/categories?post=131316"},{"taxonomy":"post_tag","embeddable":true,"href":"https:\/\/www.europesays.com\/se\/wp-json\/wp\/v2\/tags?post=131316"}],"curies":[{"name":"wp","href":"https:\/\/api.w.org\/{rel}","templated":true}]}}