{"id":131319,"date":"2026-01-10T07:51:24","date_gmt":"2026-01-10T07:51:24","guid":{"rendered":"https:\/\/www.europesays.com\/se\/131319\/"},"modified":"2026-01-10T07:51:24","modified_gmt":"2026-01-10T07:51:24","slug":"farligt-foremal-hittat-i-uddevalla","status":"publish","type":"post","link":"https:\/\/www.europesays.com\/se\/131319\/","title":{"rendered":"Farligt f\u00f6rem\u00e5l hittat i Uddevalla"},"content":{"rendered":"<p class=\"boxtextgrotesk-root_baa6 hyperion-css-7pajle\">Publicerad 2026-01-09 07.17<\/p>\n<p>share-arrowDela<\/p>\n<p>unsaveSpara<\/p>\n<p>expand-left<\/p>\n<p>helsk\u00e4rm<img decoding=\"async\" class=\"image-asset hyperion-css-u06ts1\" data-test-tag=\"image-asset\" src=\"https:\/\/www.europesays.com\/se\/wp-content\/uploads\/2026\/01\/eaf489cd-196a-488c-b501-8aa8f346c294.jpeg\"  alt=\"Ett farligt f\u00f6rem\u00e5l hittades i Uddevalla under natten. Arkivbild.\"  loading=\"eager\" fetchpriority=\"high\" style=\"aspect-ratio:1900 \/ 1353\"\/>Ett farligt f\u00f6rem\u00e5l hittades i Uddevalla under natten. Arkivbild. Foto: Johan Nilsson\/TT<\/p>\n<p class=\"hyperion-css-1v9qo5x\">Ett misst\u00e4nkt farligt f\u00f6rem\u00e5l hittades under natten i en trappuppg\u00e5ng i centrala Uddevalla.<\/p>\n<p class=\"hyperion-css-1v9qo5x\">\u201dEfter bed\u00f6mning av Nationella bombskyddet betraktas f\u00f6rem\u00e5let som skarpt\u201d, skriver polisen p\u00e5 sin sajt.<\/p>\n<p class=\"hyperion-css-1v9qo5x\">Ett omr\u00e5de runt fastigheten sp\u00e4rrades av och boende uppmanades stanna inomhus.<\/p>\n<p class=\"hyperion-css-1v9qo5x\">H\u00e4ndelsen rubriceras som f\u00f6rs\u00f6k till grov allm\u00e4nfarlig \u00f6del\u00e4ggelse.<\/p>\n","protected":false},"excerpt":{"rendered":"Publicerad 2026-01-09 07.17 share-arrowDela unsaveSpara expand-left helsk\u00e4rmEtt farligt f\u00f6rem\u00e5l hittades i Uddevalla under natten. Arkivbild. Foto: Johan Nilsson\/TT&hellip;\n","protected":false},"author":2,"featured_media":131320,"comment_status":"","ping_status":"","sticky":false,"template":"","format":"standard","meta":{"footnotes":""},"categories":[12],"tags":[22,23,26,27,17,21,24,25,28,29,15,16,18,34,31,33,32,30,19,20],"class_list":{"0":"post-131319","1":"post","2":"type-post","3":"status-publish","4":"format-standard","5":"has-post-thumbnail","7":"category-sverige","8":"tag-breaking-news","9":"tag-breakingnews","10":"tag-featured-news","11":"tag-featurednews","12":"tag-headlines","13":"tag-huvudnyheter","14":"tag-latest-news","15":"tag-latestnews","16":"tag-main-news","17":"tag-mainnews","18":"tag-news","19":"tag-nyheter","20":"tag-rubriker","21":"tag-se","22":"tag-svenska","23":"tag-sverige","24":"tag-sweden","25":"tag-swedish","26":"tag-top-stories","27":"tag-topstories"},"share_on_mastodon":{"url":"https:\/\/pubeurope.com\/@se\/115869717800960540","error":""},"_links":{"self":[{"href":"https:\/\/www.europesays.com\/se\/wp-json\/wp\/v2\/posts\/131319","targetHints":{"allow":["GET"]}}],"collection":[{"href":"https:\/\/www.europesays.com\/se\/wp-json\/wp\/v2\/posts"}],"about":[{"href":"https:\/\/www.europesays.com\/se\/wp-json\/wp\/v2\/types\/post"}],"author":[{"embeddable":true,"href":"https:\/\/www.europesays.com\/se\/wp-json\/wp\/v2\/users\/2"}],"replies":[{"embeddable":true,"href":"https:\/\/www.europesays.com\/se\/wp-json\/wp\/v2\/comments?post=131319"}],"version-history":[{"count":0,"href":"https:\/\/www.europesays.com\/se\/wp-json\/wp\/v2\/posts\/131319\/revisions"}],"wp:featuredmedia":[{"embeddable":true,"href":"https:\/\/www.europesays.com\/se\/wp-json\/wp\/v2\/media\/131320"}],"wp:attachment":[{"href":"https:\/\/www.europesays.com\/se\/wp-json\/wp\/v2\/media?parent=131319"}],"wp:term":[{"taxonomy":"category","embeddable":true,"href":"https:\/\/www.europesays.com\/se\/wp-json\/wp\/v2\/categories?post=131319"},{"taxonomy":"post_tag","embeddable":true,"href":"https:\/\/www.europesays.com\/se\/wp-json\/wp\/v2\/tags?post=131319"}],"curies":[{"name":"wp","href":"https:\/\/api.w.org\/{rel}","templated":true}]}}