{"id":131321,"date":"2026-01-10T07:52:06","date_gmt":"2026-01-10T07:52:06","guid":{"rendered":"https:\/\/www.europesays.com\/se\/131321\/"},"modified":"2026-01-10T07:52:06","modified_gmt":"2026-01-10T07:52:06","slug":"10-januari-02-19-hets-mot-folkgrupp-uppsala","status":"publish","type":"post","link":"https:\/\/www.europesays.com\/se\/131321\/","title":{"rendered":"10 januari 02.19, Hets mot folkgrupp, Uppsala"},"content":{"rendered":"<p>02:19 beordras polis till en restaurang p\u00e5 Drottninggatan i Uppsala med anledning av att minst tv\u00e5 personer ska ha utf\u00f6rt nazisth\u00e4lsning inne p\u00e5 restaurangen. Ordningsvakt har d\u00e5 avvisat dessa personer fr\u00e5n platsen och n\u00e4r patrull anl\u00e4nder finns ingen misst\u00e4nkt person kvar p\u00e5 platsen.<\/p>\n<p>Anm\u00e4lan g\u00e4llande hets mot folkgrupp uppr\u00e4ttas.\u00a0<\/p>\n<p>03.19 <br \/>Under p\u00e5g\u00e5ende patrullering p\u00e5 samma gata, Drottninggatan, observerar patrull tv\u00e5 personer, tv\u00e5 m\u00e4n i 20-\u00e5rs\u00e5ldern, som p\u00e5 offentlig plats utf\u00f6r nazisth\u00e4lsning.<\/p>\n<p>Personerna omh\u00e4ndertas enligt LOB (Lagen om omh\u00e4ndertagande av berusade personer). Patrull uppr\u00e4ttar anm\u00e4lan g\u00e4llande hets mot folkgrupp.<\/p>\n<p>Det \u00e4r i nul\u00e4get oklart om dessa tv\u00e5 h\u00e4ndelser h\u00e4nger ihop med varandra.<\/p>\n","protected":false},"excerpt":{"rendered":"02:19 beordras polis till en restaurang p\u00e5 Drottninggatan i Uppsala med anledning av att minst tv\u00e5 personer ska&hellip;\n","protected":false},"author":2,"featured_media":54,"comment_status":"","ping_status":"","sticky":false,"template":"","format":"standard","meta":{"footnotes":""},"categories":[5],"tags":[22,23,26,27,17,21,24,25,28,29,15,16,18,34,31,33,32,30,19,20],"class_list":{"0":"post-131321","1":"post","2":"type-post","3":"status-publish","4":"format-standard","5":"has-post-thumbnail","7":"category-rubriker","8":"tag-breaking-news","9":"tag-breakingnews","10":"tag-featured-news","11":"tag-featurednews","12":"tag-headlines","13":"tag-huvudnyheter","14":"tag-latest-news","15":"tag-latestnews","16":"tag-main-news","17":"tag-mainnews","18":"tag-news","19":"tag-nyheter","20":"tag-rubriker","21":"tag-se","22":"tag-svenska","23":"tag-sverige","24":"tag-sweden","25":"tag-swedish","26":"tag-top-stories","27":"tag-topstories"},"share_on_mastodon":{"url":"https:\/\/pubeurope.com\/@se\/115869721714011379","error":""},"_links":{"self":[{"href":"https:\/\/www.europesays.com\/se\/wp-json\/wp\/v2\/posts\/131321","targetHints":{"allow":["GET"]}}],"collection":[{"href":"https:\/\/www.europesays.com\/se\/wp-json\/wp\/v2\/posts"}],"about":[{"href":"https:\/\/www.europesays.com\/se\/wp-json\/wp\/v2\/types\/post"}],"author":[{"embeddable":true,"href":"https:\/\/www.europesays.com\/se\/wp-json\/wp\/v2\/users\/2"}],"replies":[{"embeddable":true,"href":"https:\/\/www.europesays.com\/se\/wp-json\/wp\/v2\/comments?post=131321"}],"version-history":[{"count":0,"href":"https:\/\/www.europesays.com\/se\/wp-json\/wp\/v2\/posts\/131321\/revisions"}],"wp:featuredmedia":[{"embeddable":true,"href":"https:\/\/www.europesays.com\/se\/wp-json\/wp\/v2\/media\/54"}],"wp:attachment":[{"href":"https:\/\/www.europesays.com\/se\/wp-json\/wp\/v2\/media?parent=131321"}],"wp:term":[{"taxonomy":"category","embeddable":true,"href":"https:\/\/www.europesays.com\/se\/wp-json\/wp\/v2\/categories?post=131321"},{"taxonomy":"post_tag","embeddable":true,"href":"https:\/\/www.europesays.com\/se\/wp-json\/wp\/v2\/tags?post=131321"}],"curies":[{"name":"wp","href":"https:\/\/api.w.org\/{rel}","templated":true}]}}