{"id":131326,"date":"2026-01-10T08:00:25","date_gmt":"2026-01-10T08:00:25","guid":{"rendered":"https:\/\/www.europesays.com\/se\/131326\/"},"modified":"2026-01-10T08:00:25","modified_gmt":"2026-01-10T08:00:25","slug":"en-europeisk-plan-for-bostader-till-en-overkomlig-kostnad","status":"publish","type":"post","link":"https:\/\/www.europesays.com\/se\/131326\/","title":{"rendered":"En europeisk plan f\u00f6r bost\u00e4der till en \u00f6verkomlig kostnad"},"content":{"rendered":"<p class=\"normal\">Brist p\u00e5 bost\u00e4der h\u00e4mmar r\u00f6rlighet av arbetskraft, tillg\u00e5ng till utbildning och familjebildning, och s\u00e5ledes h\u00e4mmar det \u00e4ven Europas konkurrenskraft och sociala sammanh\u00e5llning. EU-kommissionen lyfter problematiken med bostadskrisen i Europa tillsammans med statistik som visar att bostadspriser har \u00f6kat med mer \u00e4n 60 procent och hyror med \u00f6ver 20 procent de senaste tio \u00e5ren. Mot denna bakgrund menar kommissionen att det kr\u00e4vs en europeisk insats som \u00e4r f\u00f6rankrad i lokala behov och som respekterar skillnader i bostadspolitik mellan medlemsstaterna.<\/p>\n<p>Planens \u00e5tg\u00e4rder<\/p>\n<p class=\"normal\">Planen ska st\u00f6dja medlemsl\u00e4nder, regioner och kommuner med \u00e5tg\u00e4rder inom omr\u00e5den som kan gynnas av ett europeiskt merv\u00e4rde. Planens \u00e5tg\u00e4rder g\u00e5r att dela in i fyra pelare:<\/p>\n<p class=\"normal\">\u00d6ka bostadsutbudet bland annat genom den nyligen lanserade europeiska strategin f\u00f6r bostadsbyggande som ska \u00f6ka produktiviteten och innovationen i byggsektorn. Detta kommer \u00e4ven g\u00f6ras genom ett f\u00f6renklingspaket f\u00f6r bost\u00e4der som ska minska administrativa b\u00f6rdor f\u00f6r bostadsbyggande, men \u00e4ven s\u00e4kerst\u00e4lla h\u00e5llbara och kvalitativa bost\u00e4der genom bland annat new European Bauhaus (ett av EU:s finnansieringsverktyg f\u00f6r utvecklandet av h\u00e5llbara, inkluderande och vackra stadsdelar).<\/p>\n<ul class=\" sv-list-style-punktlista normal\">\n<li>Mobilisera investeringar genom att inr\u00e4tta en ny europeisk investeringsplattform och revidera reglerna f\u00f6r statligt st\u00f6d f\u00f6r att underl\u00e4tta st\u00f6d till projekt.<\/li>\n<li>M\u00f6jligg\u00f6ra omedelbart st\u00f6d och driva reformer genom att l\u00e4gga fram ett nytt lagstiftningsinitiativ f\u00f6r att mildra effekterna av korttidsuthyrning, fr\u00e4mst kopplat till turistomr\u00e5den. Ytterligare \u00e5tg\u00e4rder inom denna pelare \u00e4r att fr\u00e4mja en \u00f6kad transparens p\u00e5 bostadsmarknaden och uppmuntra medlemsl\u00e4nder att inf\u00f6ra reformer inom omr\u00e5den s\u00e5som fysisk planering och subventionerade bost\u00e4der f\u00f6r att \u00f6ka utbudet av bost\u00e4der och minska komplexitet.<\/li>\n<li>Skydda de mest drabbade genom att mobilisera investeringar f\u00f6r studentbost\u00e4der och fr\u00e4mja innovativa bostadsmodeller f\u00f6r ungdomar. \u00c5tg\u00e4rder f\u00f6r att f\u00f6rebygga heml\u00f6shet kommer \u00e4ven ske genom att \u00f6ka antalet subventionerade bost\u00e4der.<\/li>\n<\/ul>\n<p>Vad h\u00e4nder nu?<\/p>\n<p class=\"normal\">Tillg\u00e5ngen till bost\u00e4der f\u00f6r \u00f6verkomliga priser blir en alltmer avg\u00f6rande fr\u00e5ga i m\u00e5nga europeiska storst\u00e4der och v\u00e4xande regioner. Den \u00f6kande urbaniseringen, tillsammans med stigande bostadspriser, har lett till att b\u00e5de huspriser och hyror i Europa har g\u00e5tt upp under det senaste decenniet. F\u00f6r unga m\u00e4nniskor \u00e4r det i dag s\u00e4rskilt sv\u00e5rt att ta sig in p\u00e5 bostadsmarknaden, och \u00e4ven personer med samh\u00e4llsviktiga yrken har stora utmaningar att hitta boende till rimliga kostnader i attraktiva omr\u00e5den. Detta \u00e4r en utmaning \u00e4ven i Sverige.<\/p>\n<p class=\"normal\">Det \u00e4r sv\u00e5rt att s\u00e4ga vad den nya Planen f\u00f6r bost\u00e4der till \u00f6verkomliga priser kommer inneb\u00e4ra f\u00f6r svenska och v\u00e4rml\u00e4ndska akt\u00f6rer d\u00e5 bostadspolitik \u00e4r n\u00e5got som tidigare inte varit en fr\u00e5ga p\u00e5 EU-niv\u00e5. Detta initiativ visar att bostadsfr\u00e5gan har f\u00e5tt en st\u00f6rre roll p\u00e5 EU:s agenda, och kan \u00e4ven inneb\u00e4ra att fr\u00e5gan f\u00e5r mer uppm\u00e4rksamhet i svensk politik. Hur ett europeiskt<\/p>\n<p class=\"normal\">merv\u00e4rde kan komma att se ut i en svensk kontext \u00e5terst\u00e5r att se n\u00e4r planens \u00e5tg\u00e4rder konkretiseras.<\/p>\n<p class=\"normal\">Den nya planen tillsammans med att EU under v\u00e5ren 2025 fick sin f\u00f6rsta kommission\u00e4r f\u00f6r bost\u00e4der, Dan J\u00f8regensen, tyder p\u00e5 att bostadspolitik kommer vara en alltmer prioriterad fr\u00e5ga \u00e4ven p\u00e5 EU-niv\u00e5 och \u00e4r n\u00e5got som Brysselkontoret kommer bevaka vidare i syfte att identifiera hur v\u00e4rml\u00e4ndska akt\u00f6rer kan komma att p\u00e5verkas i framtiden.<\/p>\n","protected":false},"excerpt":{"rendered":"Brist p\u00e5 bost\u00e4der h\u00e4mmar r\u00f6rlighet av arbetskraft, tillg\u00e5ng till utbildning och familjebildning, och s\u00e5ledes h\u00e4mmar det \u00e4ven Europas&hellip;\n","protected":false},"author":2,"featured_media":131327,"comment_status":"","ping_status":"","sticky":false,"template":"","format":"standard","meta":{"footnotes":""},"categories":[12],"tags":[22,23,26,27,17,21,24,25,28,29,15,16,18,34,31,33,32,30,19,20],"class_list":{"0":"post-131326","1":"post","2":"type-post","3":"status-publish","4":"format-standard","5":"has-post-thumbnail","7":"category-sverige","8":"tag-breaking-news","9":"tag-breakingnews","10":"tag-featured-news","11":"tag-featurednews","12":"tag-headlines","13":"tag-huvudnyheter","14":"tag-latest-news","15":"tag-latestnews","16":"tag-main-news","17":"tag-mainnews","18":"tag-news","19":"tag-nyheter","20":"tag-rubriker","21":"tag-se","22":"tag-svenska","23":"tag-sverige","24":"tag-sweden","25":"tag-swedish","26":"tag-top-stories","27":"tag-topstories"},"share_on_mastodon":{"url":"https:\/\/pubeurope.com\/@se\/115869753257670710","error":""},"_links":{"self":[{"href":"https:\/\/www.europesays.com\/se\/wp-json\/wp\/v2\/posts\/131326","targetHints":{"allow":["GET"]}}],"collection":[{"href":"https:\/\/www.europesays.com\/se\/wp-json\/wp\/v2\/posts"}],"about":[{"href":"https:\/\/www.europesays.com\/se\/wp-json\/wp\/v2\/types\/post"}],"author":[{"embeddable":true,"href":"https:\/\/www.europesays.com\/se\/wp-json\/wp\/v2\/users\/2"}],"replies":[{"embeddable":true,"href":"https:\/\/www.europesays.com\/se\/wp-json\/wp\/v2\/comments?post=131326"}],"version-history":[{"count":0,"href":"https:\/\/www.europesays.com\/se\/wp-json\/wp\/v2\/posts\/131326\/revisions"}],"wp:featuredmedia":[{"embeddable":true,"href":"https:\/\/www.europesays.com\/se\/wp-json\/wp\/v2\/media\/131327"}],"wp:attachment":[{"href":"https:\/\/www.europesays.com\/se\/wp-json\/wp\/v2\/media?parent=131326"}],"wp:term":[{"taxonomy":"category","embeddable":true,"href":"https:\/\/www.europesays.com\/se\/wp-json\/wp\/v2\/categories?post=131326"},{"taxonomy":"post_tag","embeddable":true,"href":"https:\/\/www.europesays.com\/se\/wp-json\/wp\/v2\/tags?post=131326"}],"curies":[{"name":"wp","href":"https:\/\/api.w.org\/{rel}","templated":true}]}}