{"id":131330,"date":"2026-01-10T08:06:31","date_gmt":"2026-01-10T08:06:31","guid":{"rendered":"https:\/\/www.europesays.com\/se\/131330\/"},"modified":"2026-01-10T08:06:31","modified_gmt":"2026-01-10T08:06:31","slug":"hemnet-efter-svala-aret-nu-tar-bopriserna-fart","status":"publish","type":"post","link":"https:\/\/www.europesays.com\/se\/131330\/","title":{"rendered":"Hemnet efter svala \u00e5ret: Nu tar bopriserna fart"},"content":{"rendered":"<p>Bopriserna gick i sidled under 2025 men i \u00e5r r\u00e4knar Hemnet med en uppg\u00e5ng med 6,5 procent p\u00e5 l\u00e4genheter och 5 procent f\u00f6r villor, skriver SvD N\u00e4ringsliv.<\/p>\n<p>\u2013 Det finns i nul\u00e4get en hel del som talar f\u00f6r ett starkare 2026, s\u00e4ger bostadssajtens marknadsanalytiker Erik Holmberg till tidningen.<\/p>\n<p>Samtidigt p\u00e5minner han om att de hade en liknande prognos inf\u00f6r f\u00f6rra \u00e5ret \u201dinnan Donald Trump skapade oro i v\u00e4rldsekonomin\u201d. <\/p>\n<p>Omni \u00e4r politiskt obundna och oberoende. Vi str\u00e4var efter att ge fler perspektiv p\u00e5 nyheterna. Har du fr\u00e5gor eller synpunkter kring v\u00e5r rapportering? <a href=\"https:\/\/omni.se\/hemnet-efter-svala-aret-nu-tar-bopriserna-fart-igen\/a\/mailto:redaktion@omni.se\" class=\"ArticleActions_contactLink__W2F1M\" rel=\"nofollow noopener\" target=\"_blank\">Kontakta redaktionen<\/a><\/p>\n","protected":false},"excerpt":{"rendered":"Bopriserna gick i sidled under 2025 men i \u00e5r r\u00e4knar Hemnet med en uppg\u00e5ng med 6,5 procent p\u00e5&hellip;\n","protected":false},"author":2,"featured_media":131331,"comment_status":"","ping_status":"","sticky":false,"template":"","format":"standard","meta":{"footnotes":""},"categories":[65],"tags":[348,72,70,71,324,320,349,34,31,33,32,30],"class_list":{"0":"post-131330","1":"post","2":"type-post","3":"status-publish","4":"format-standard","5":"has-post-thumbnail","7":"category-ekonomi","8":"tag-bostadsmarknad","9":"tag-business","10":"tag-economy","11":"tag-ekonomi","12":"tag-makroekonomi","13":"tag-makroprognoser","14":"tag-privatekonomi","15":"tag-se","16":"tag-svenska","17":"tag-sverige","18":"tag-sweden","19":"tag-swedish"},"share_on_mastodon":{"url":"https:\/\/pubeurope.com\/@se\/115869776767329939","error":""},"_links":{"self":[{"href":"https:\/\/www.europesays.com\/se\/wp-json\/wp\/v2\/posts\/131330","targetHints":{"allow":["GET"]}}],"collection":[{"href":"https:\/\/www.europesays.com\/se\/wp-json\/wp\/v2\/posts"}],"about":[{"href":"https:\/\/www.europesays.com\/se\/wp-json\/wp\/v2\/types\/post"}],"author":[{"embeddable":true,"href":"https:\/\/www.europesays.com\/se\/wp-json\/wp\/v2\/users\/2"}],"replies":[{"embeddable":true,"href":"https:\/\/www.europesays.com\/se\/wp-json\/wp\/v2\/comments?post=131330"}],"version-history":[{"count":0,"href":"https:\/\/www.europesays.com\/se\/wp-json\/wp\/v2\/posts\/131330\/revisions"}],"wp:featuredmedia":[{"embeddable":true,"href":"https:\/\/www.europesays.com\/se\/wp-json\/wp\/v2\/media\/131331"}],"wp:attachment":[{"href":"https:\/\/www.europesays.com\/se\/wp-json\/wp\/v2\/media?parent=131330"}],"wp:term":[{"taxonomy":"category","embeddable":true,"href":"https:\/\/www.europesays.com\/se\/wp-json\/wp\/v2\/categories?post=131330"},{"taxonomy":"post_tag","embeddable":true,"href":"https:\/\/www.europesays.com\/se\/wp-json\/wp\/v2\/tags?post=131330"}],"curies":[{"name":"wp","href":"https:\/\/api.w.org\/{rel}","templated":true}]}}