{"id":131332,"date":"2026-01-10T08:09:22","date_gmt":"2026-01-10T08:09:22","guid":{"rendered":"https:\/\/www.europesays.com\/se\/131332\/"},"modified":"2026-01-10T08:09:22","modified_gmt":"2026-01-10T08:09:22","slug":"svensk-kriminell-gripen-i-egypten","status":"publish","type":"post","link":"https:\/\/www.europesays.com\/se\/131332\/","title":{"rendered":"Svensk kriminell gripen i Egypten"},"content":{"rendered":"<p class=\"preamble\">&#13;<br \/>\n            En svensk man misst\u00e4nkt f\u00f6r bland annat anstiftan till mord och grov misshandel har gripits i Kairo.&#13;\n        <\/p>\n<p>Den 23-\u00e5rige mannen \u00e4r f\u00f6dd i Libanon, men \u00e4r svensk medborgare. Han har varit internationellt efterlyst p\u00e5 en s\u00e5 kallad r\u00f6d Interpolnotis och h\u00e4ktad i sin utevaro. Interpol i Kairo meddelade i s\u00f6ndags att mannen hade gripits.<\/p>\n<p>Han \u00e4r misst\u00e4nkt f\u00f6r anstiftan till mord och tv\u00e5 fall av grov misshandel. Han ska ha varit en av ledarakt\u00f6rerna i den v\u00e5ldsv\u00e5g med flertalet skjutningar, spr\u00e4ngningar och grova vapenbrott som setts i \u00d6rebro det senaste \u00e5ret.<\/p>\n<p>\u2013 Vi tackar polisen och \u00f6vriga r\u00e4ttsv\u00e5rdande myndigheter i Egypten f\u00f6r deras effektiva agerande. Vi i Sverige ut\u00f6kar hela tiden v\u00e5rt samarbete med andra l\u00e4nder, inte minst f\u00f6r att visa de kriminella som g\u00f6mmer sig utanf\u00f6r Sverige att de inte kan k\u00e4nna sig s\u00e4kra n\u00e5gonstans i v\u00e4rlden, s\u00e4ger polism\u00e4stare Anders Wiberg, chef f\u00f6r internationella enheten p\u00e5 Noa.<\/p>\n<p>Mannen landade i Sverige i g\u00e5r kv\u00e4ll. Ny h\u00e4ktningsf\u00f6rhandling kommer att h\u00e5llas inom kort i \u00d6rebro tingsr\u00e4tt. \u00c5klagare \u00e4r Mats Ihlbom, G\u00f6teborgs \u00e5klagarkammare.<\/p>\n<p>Under hel\u00e5ret 2025 greps 280 personer utomlands. Det har de senaste \u00e5ren skett en stadig \u00f6kning av antalet gripna utomlands efter beg\u00e4ran av Sverige.<\/p>\n<p>    Fakta\/Antal gripna personer utomlands per \u00e5r g\u00e4llande svenska efterlysningar<\/p>\n<p>2025: 280<\/p>\n<p>2024: 203<\/p>\n<p>2023: 157<\/p>\n<p>2022: 136<\/p>\n<p>2021: 78<\/p>\n<p>&#13;<br \/>\n                    <strong>&#13;<br \/>\n                        Publicerad&#13;<br \/>\n                    <\/strong>&#13;<br \/>\n                    &#13;<br \/>\n                        10 januari 2026 09.00&#13;<br \/>\n                    &#13;<br \/>\n                    <br \/>&#13;\n            <\/p>\n<p>        &#13;<br \/>\n    &#13;<br \/>\n    &#13;<\/p>\n","protected":false},"excerpt":{"rendered":"&#13; En svensk man misst\u00e4nkt f\u00f6r bland annat anstiftan till mord och grov misshandel har gripits i Kairo.&#13;&hellip;\n","protected":false},"author":2,"featured_media":54,"comment_status":"","ping_status":"","sticky":false,"template":"","format":"standard","meta":{"footnotes":""},"categories":[5],"tags":[22,23,26,27,17,21,24,25,28,29,15,16,18,34,31,33,32,30,19,20],"class_list":{"0":"post-131332","1":"post","2":"type-post","3":"status-publish","4":"format-standard","5":"has-post-thumbnail","7":"category-rubriker","8":"tag-breaking-news","9":"tag-breakingnews","10":"tag-featured-news","11":"tag-featurednews","12":"tag-headlines","13":"tag-huvudnyheter","14":"tag-latest-news","15":"tag-latestnews","16":"tag-main-news","17":"tag-mainnews","18":"tag-news","19":"tag-nyheter","20":"tag-rubriker","21":"tag-se","22":"tag-svenska","23":"tag-sverige","24":"tag-sweden","25":"tag-swedish","26":"tag-top-stories","27":"tag-topstories"},"share_on_mastodon":{"url":"https:\/\/pubeurope.com\/@se\/115869788597713772","error":""},"_links":{"self":[{"href":"https:\/\/www.europesays.com\/se\/wp-json\/wp\/v2\/posts\/131332","targetHints":{"allow":["GET"]}}],"collection":[{"href":"https:\/\/www.europesays.com\/se\/wp-json\/wp\/v2\/posts"}],"about":[{"href":"https:\/\/www.europesays.com\/se\/wp-json\/wp\/v2\/types\/post"}],"author":[{"embeddable":true,"href":"https:\/\/www.europesays.com\/se\/wp-json\/wp\/v2\/users\/2"}],"replies":[{"embeddable":true,"href":"https:\/\/www.europesays.com\/se\/wp-json\/wp\/v2\/comments?post=131332"}],"version-history":[{"count":0,"href":"https:\/\/www.europesays.com\/se\/wp-json\/wp\/v2\/posts\/131332\/revisions"}],"wp:featuredmedia":[{"embeddable":true,"href":"https:\/\/www.europesays.com\/se\/wp-json\/wp\/v2\/media\/54"}],"wp:attachment":[{"href":"https:\/\/www.europesays.com\/se\/wp-json\/wp\/v2\/media?parent=131332"}],"wp:term":[{"taxonomy":"category","embeddable":true,"href":"https:\/\/www.europesays.com\/se\/wp-json\/wp\/v2\/categories?post=131332"},{"taxonomy":"post_tag","embeddable":true,"href":"https:\/\/www.europesays.com\/se\/wp-json\/wp\/v2\/tags?post=131332"}],"curies":[{"name":"wp","href":"https:\/\/api.w.org\/{rel}","templated":true}]}}