{"id":131334,"date":"2026-01-10T08:23:09","date_gmt":"2026-01-10T08:23:09","guid":{"rendered":"https:\/\/www.europesays.com\/se\/131334\/"},"modified":"2026-01-10T08:23:09","modified_gmt":"2026-01-10T08:23:09","slug":"10-januari-nu-ar-koldioxidbudgeten-for-jordens-rikaste-slut","status":"publish","type":"post","link":"https:\/\/www.europesays.com\/se\/131334\/","title":{"rendered":"10 januari \u2013 nu \u00e4r koldioxidbudgeten f\u00f6r jordens rikaste slut"},"content":{"rendered":"<p><a data-test-tag=\"internal-link\" href=\"https:\/\/www.aftonbladet.se\/av\/christina-nordh\" class=\"hyperion-css-13ns1rr\" rel=\"nofollow noopener\" target=\"\" aria-label=\"Se alla artiklar av Christina Nordh\"><img decoding=\"async\" class=\"image-asset hyperion-css-n6kkq1\" data-test-tag=\"image-asset\" src=\"https:\/\/www.europesays.com\/se\/wp-content\/uploads\/2026\/01\/1768033388_398_3f1c9fd4-95cb-4dbf-8bea-120cdb20cf2f.jpeg\"  alt=\"\"  loading=\"lazy\" fetchpriority=\"auto\" style=\"aspect-ratio:1900 \/ 1900\"\/><\/a>share-arrowDela<\/p>\n<p>unsaveSpara<\/p>\n<p>expand-left<\/p>\n<p>helsk\u00e4rm<img decoding=\"async\" class=\"image-asset hyperion-css-u06ts1\" data-test-tag=\"image-asset\" src=\"https:\/\/www.europesays.com\/se\/wp-content\/uploads\/2026\/01\/953ebce5-0fbe-4140-b421-2818902dd6f7.jpeg\"  alt=\"Vi g\u00e5r mot nya v\u00e4rmerekord.\"  loading=\"eager\" fetchpriority=\"high\" style=\"aspect-ratio:1900 \/ 1267\"\/>Vi g\u00e5r mot nya v\u00e4rmerekord. Foto: Getty Images<\/p>\n<p class=\"hyperion-css-1shl3oz\" data-test-tag=\"lead-text\">Koldioxidbudgeten f\u00f6r den rikaste en procenten p\u00e5 jorden \u00e4r slut.<\/p>\n<p class=\"hyperion-css-1shl3oz\" data-test-tag=\"lead-text\">Tio dagar in p\u00e5 det nya \u00e5ret.<\/p>\n<p class=\"hyperion-css-1v9qo5x\">Den humanit\u00e4ra organisationen <a data-test-tag=\"internal-link\" href=\"https:\/\/www.aftonbladet.se\/tagg\/oxfam\" class=\"hyperion-css-15jkft9\" rel=\"nofollow noopener\" target=\"\" aria-label=\"Oxfam\">Oxfam<\/a> sl\u00e4ppte sin nya analys den 10 januari klockan 00.01.<\/p>\n<p class=\"hyperion-css-1v9qo5x\">D\u00e4r st\u00e5r att l\u00e4sa att de allra rikaste redan har f\u00f6rbrukat sin \u00e5rliga koldioxidbudget, den m\u00e4ngd koldioxid som kan sl\u00e4ppas ut f\u00f6r att den globala uppv\u00e4rmningen inte ska \u00f6verstiga 1,5 grader.<\/p>\n<p class=\"hyperion-css-1v9qo5x\">Oxfam kallar dagen \u201dPollucrat Day\u201d.<\/p>\n<p class=\"hyperion-css-1v9qo5x\">F\u00f6r de ultrarika, 0,1 procent av jordens befolkning, var budgeten slut redan den 3 januari.<\/p>\n<p>expand-left<\/p>\n<p>helsk\u00e4rm<img decoding=\"async\" class=\"image-asset hyperion-css-u06ts1\" data-test-tag=\"image-asset\" src=\"https:\/\/www.europesays.com\/se\/wp-content\/uploads\/2026\/01\/6d00d55f-5f79-4c41-ba82-199d3ddf0b30.jpeg\"  alt=\"I juli 2022 landade artisten Drakes privatjet, en ombyggd Boeing 767, p\u00e5 Arlanda inf\u00f6r hans Sverigespelning. Planet var d\u00e5 v\u00e4rt n\u00e4stan tv\u00e5 miljarder kronor och Drake hade flera g\u00e5nger visat upp det p\u00e5 Instagram.\"  loading=\"eager\" fetchpriority=\"high\" style=\"aspect-ratio:1900 \/ 1267\"\/>I juli 2022 landade artisten Drakes privatjet, en ombyggd Boeing 767, p\u00e5 Arlanda inf\u00f6r hans Sverigespelning. Planet var d\u00e5 v\u00e4rt n\u00e4stan tv\u00e5 miljarder kronor och Drake hade flera g\u00e5nger visat upp det p\u00e5 Instagram. Foto: Stefan Jerrev\u00e5ngBeh\u00f6ver minska drastiskt<\/p>\n<p class=\"hyperion-css-1v9qo5x\">F\u00f6r att h\u00e5lla uppv\u00e4rmningen inom 1,5-gradersgr\u00e4nsen skulle den rikaste en procenten beh\u00f6va minska sina utsl\u00e4pp med 97 (!) procent till \u00e5r 2030. Dit \u00e4r det bara fyra \u00e5r.<\/p>\n<p class=\"hyperion-css-1v9qo5x\">Samtidigt drabbas de som har bidragit minst till att orsaka klimatkrisen \u2013 d\u00e4ribland samh\u00e4llen i fattigare och klimatutsatta l\u00e4nder, urfolk samt kvinnor och flickor \u2013 h\u00e5rdast.<\/p>\n<p class=\"hyperion-css-1v9qo5x\">\u2013 G\u00e5ng p\u00e5 g\u00e5ng visar forskningen att regeringar har en mycket tydlig och enkel v\u00e4g f\u00f6r att kraftigt minska koldioxidutsl\u00e4ppen och samtidigt bek\u00e4mpa oj\u00e4mlikhet: genom att rikta in sig p\u00e5 de st\u00f6rsta utsl\u00e4pparna. Genom att sl\u00e5 ner p\u00e5 den extremt ansvarsl\u00f6sa koldioxidkonsumtionen hos de superrika har v\u00e4rldens ledare en m\u00f6jlighet att s\u00e4tta v\u00e4rlden tillbaka p\u00e5 r\u00e4tt sp\u00e5r mot klimatm\u00e5len och frig\u00f6ra nettovinster f\u00f6r m\u00e4nniskor \u00f6ver hela planeten, s\u00e4ger Oxfams klimatpolitiska chef Nafkote Dabi i ett pressmeddelande.<\/p>\n<p class=\"hyperion-css-1v9qo5x\">Enligt analysen ber\u00e4knas utsl\u00e4ppen fr\u00e5n de rikaste tolv procenten under ett enda \u00e5r orsaka runt 1,3 miljoner v\u00e4rmerelaterade d\u00f6dsfall fram till slutet av seklet.<\/p>\n<p>expand-left<\/p>\n<p>helsk\u00e4rm<img decoding=\"async\" class=\"image-asset hyperion-css-u06ts1\" data-test-tag=\"image-asset\" src=\"https:\/\/www.europesays.com\/se\/wp-content\/uploads\/2026\/01\/dbe6c892-d5fc-4eb3-87c6-466c4c2f5ac5.jpeg\"  alt=\"Tuvalu, \u00f6n med runt 10\u00a0000 inv\u00e5nare, som l\u00e5ngsamt tas \u00f6ver av havet. I h\u00f6stas tog Australien emot de f\u00f6rsta klimatflyktingarna h\u00e4rifr\u00e5n.\"  loading=\"eager\" fetchpriority=\"high\" style=\"aspect-ratio:1900 \/ 1144\"\/>Tuvalu, \u00f6n med runt 10\u00a0000 inv\u00e5nare, som l\u00e5ngsamt tas \u00f6ver av havet. I h\u00f6stas tog Australien emot de f\u00f6rsta klimatflyktingarna h\u00e4rifr\u00e5n. Foto: Bj\u00f6rn Lindahl\u201dHar enorm makt\u201d<\/p>\n<p class=\"hyperion-css-1v9qo5x\">\u00d6verkonsumtion av utsl\u00e4pp fr\u00e5n v\u00e4rldens superrika orsakar ocks\u00e5 betydande ekonomiska skador i l\u00e5g- och l\u00e4gre medelinkomstl\u00e4nder, som sammanlagt kan uppg\u00e5 till 44 biljoner dollar till \u00e5r 2050, enligt Oxfam.<\/p>\n<p class=\"hyperion-css-1v9qo5x\">Organisationens forskning visar ocks\u00e5 att varje miljard\u00e4r i genomsnitt har en investeringsportf\u00f6lj i f\u00f6retag som ger upphov till 1,9 miljoner ton CO2 per \u00e5r \u2013 som l\u00e5ser in v\u00e4rlden i en allt djupare klimatkris.<\/p>\n<p class=\"hyperion-css-1v9qo5x\">De rikaste personerna och f\u00f6retagen har stort inflytande och makt. Exempelvis var antalet lobbyister fr\u00e5n fossilbr\u00e4nslef\u00f6retag som deltog vid det senaste COP-toppm\u00f6tet i Brasilien st\u00f6rre \u00e4n n\u00e5gon annan delegation f\u00f6rutom v\u00e4rdlandet, 1\u00a0600 deltagare.<\/p>\n<p class=\"hyperion-css-1v9qo5x\">Nafkote Dabi s\u00e4ger i pressmeddelandet:<\/p>\n<p class=\"hyperion-css-1v9qo5x\">\u2013 Den enorma makt och rikedom som superrika individer och f\u00f6retag besitter har ocks\u00e5 gjort det m\u00f6jligt f\u00f6r dem att ut\u00f6va ett or\u00e4ttm\u00e4tigt inflytande \u00f6ver politiska beslutsprocesser och urvattna klimatf\u00f6rhandlingarna.<\/p>\n<p class=\"hyperion-css-1v9qo5x\">Fotnot: Sveriges rikaste en procent har slut p\u00e5 sin budget den 16 januari, medan de 0,1% allra rikaste svenskarna hade anv\u00e4nt upp sin koldioxidbudget redan den 4 januari.<\/p>\n<p>FAKTAOxfam: S\u00e5 kan de superrikas utsl\u00e4pp minska<\/p>\n<ul class=\"hyperion-css-e9gx76\" data-test-tag=\"list\">\n<li class=\"hyperion-css-1d843yr\"><strong>H\u00f6j skatt p\u00e5 inkomster och f\u00f6rm\u00f6genheter<\/strong> f\u00f6r de superrika samt st\u00f6d aktivt och delta i f\u00f6rhandlingarna om FN-konventionen f\u00f6r internationellt skattesamarbete f\u00f6r att skapa en mer r\u00e4ttvis global skattearkitektur.<\/li>\n<li class=\"hyperion-css-1d843yr\"><strong>Inf\u00f6r \u00f6vervinstskatter p\u00e5 fossilbr\u00e4nslef\u00f6retag.<\/strong> En skatt p\u00e5 vinster fr\u00e5n rika f\u00f6rorenare p\u00e5 585 olje-, gas- och kolf\u00f6retag skulle kunna inbringa upp till 400 miljarder US-dollar redan under det f\u00f6rsta \u00e5ret \u2013 motsvarande kostnaderna f\u00f6r klimatskador i det globala syd.<\/li>\n<li class=\"hyperion-css-1d843yr\"><strong>F\u00f6rbjud eller beskatta koldioxidintensiva lyxvaror kraftigt<\/strong>, som superyachter och privatjet. Det samlade koldioxidavtrycket fr\u00e5n en superrik europ\u00e9 \u2013 fr\u00e5n knappt en veckas anv\u00e4ndning av superyacht och privatjet \u2013 motsvarar livstidsutsl\u00e4ppen f\u00f6r en person i v\u00e4rldens fattigaste en procent.<\/li>\n<li class=\"hyperion-css-1d843yr\"><strong>Bygg ett j\u00e4mlikt ekonomiskt<\/strong> system som s\u00e4tter m\u00e4nniskor och planeten i f\u00f6rsta rummet genom att ta avst\u00e5nd fr\u00e5n dominerande nyliberala ekonomiska modeller och i st\u00e4llet r\u00f6ra sig mot en ekonomi som bygger p\u00e5 h\u00e5llbarhet och j\u00e4mlikhet.<\/li>\n<\/ul>\n<p class=\"hyperion-css-jonaf8\">K\u00e4lla: Oxfam<\/p>\n<p>L\u00e4s mer<\/p>\n","protected":false},"excerpt":{"rendered":"share-arrowDela unsaveSpara expand-left helsk\u00e4rmVi g\u00e5r mot nya v\u00e4rmerekord. Foto: Getty Images Koldioxidbudgeten f\u00f6r den rikaste en procenten p\u00e5&hellip;\n","protected":false},"author":2,"featured_media":131335,"comment_status":"","ping_status":"","sticky":false,"template":"","format":"standard","meta":{"footnotes":""},"categories":[14],"tags":[22,23,26,27,17,21,24,25,28,29,15,16,18,34,31,33,32,30,19,20,51,52,53,54],"class_list":{"0":"post-131334","1":"post","2":"type-post","3":"status-publish","4":"format-standard","5":"has-post-thumbnail","7":"category-varlden","8":"tag-breaking-news","9":"tag-breakingnews","10":"tag-featured-news","11":"tag-featurednews","12":"tag-headlines","13":"tag-huvudnyheter","14":"tag-latest-news","15":"tag-latestnews","16":"tag-main-news","17":"tag-mainnews","18":"tag-news","19":"tag-nyheter","20":"tag-rubriker","21":"tag-se","22":"tag-svenska","23":"tag-sverige","24":"tag-sweden","25":"tag-swedish","26":"tag-top-stories","27":"tag-topstories","28":"tag-varlden","29":"tag-world","30":"tag-world-news","31":"tag-worldnews"},"share_on_mastodon":{"url":"https:\/\/pubeurope.com\/@se\/115869843630439328","error":""},"_links":{"self":[{"href":"https:\/\/www.europesays.com\/se\/wp-json\/wp\/v2\/posts\/131334","targetHints":{"allow":["GET"]}}],"collection":[{"href":"https:\/\/www.europesays.com\/se\/wp-json\/wp\/v2\/posts"}],"about":[{"href":"https:\/\/www.europesays.com\/se\/wp-json\/wp\/v2\/types\/post"}],"author":[{"embeddable":true,"href":"https:\/\/www.europesays.com\/se\/wp-json\/wp\/v2\/users\/2"}],"replies":[{"embeddable":true,"href":"https:\/\/www.europesays.com\/se\/wp-json\/wp\/v2\/comments?post=131334"}],"version-history":[{"count":0,"href":"https:\/\/www.europesays.com\/se\/wp-json\/wp\/v2\/posts\/131334\/revisions"}],"wp:featuredmedia":[{"embeddable":true,"href":"https:\/\/www.europesays.com\/se\/wp-json\/wp\/v2\/media\/131335"}],"wp:attachment":[{"href":"https:\/\/www.europesays.com\/se\/wp-json\/wp\/v2\/media?parent=131334"}],"wp:term":[{"taxonomy":"category","embeddable":true,"href":"https:\/\/www.europesays.com\/se\/wp-json\/wp\/v2\/categories?post=131334"},{"taxonomy":"post_tag","embeddable":true,"href":"https:\/\/www.europesays.com\/se\/wp-json\/wp\/v2\/tags?post=131334"}],"curies":[{"name":"wp","href":"https:\/\/api.w.org\/{rel}","templated":true}]}}