{"id":131340,"date":"2026-01-10T08:49:06","date_gmt":"2026-01-10T08:49:06","guid":{"rendered":"https:\/\/www.europesays.com\/se\/131340\/"},"modified":"2026-01-10T08:49:06","modified_gmt":"2026-01-10T08:49:06","slug":"svensk-man-gripen-i-egypten-misstankt-for-anstiftan-till-mord-2","status":"publish","type":"post","link":"https:\/\/www.europesays.com\/se\/131340\/","title":{"rendered":"Svensk man gripen i Egypten \u2013 misst\u00e4nkt f\u00f6r anstiftan till mord"},"content":{"rendered":"<p>Mannen har varit internationellt efterlyst och har varit h\u00e4ktad i sin utevaro. I s\u00f6ndags greps han i Kairo och p\u00e5 fredagen landade han p\u00e5 svensk mark. \u00c5klagare Mats Ihlbom s\u00e4ger att mannen greps av svensk polis under fredagskv\u00e4llen p\u00e5 Arlanda. <\/p>\n<p>\u2013 Vi i Sverige ut\u00f6kar hela tiden v\u00e5rt samarbete med andra l\u00e4nder, inte minst f\u00f6r att visa de kriminella som g\u00f6mmer sig utanf\u00f6r Sverige att de inte kan k\u00e4nna sig s\u00e4kra n\u00e5gonstans i v\u00e4rlden, s\u00e4ger polism\u00e4stare Anders Wiberg, chef f\u00f6r internationella enheten p\u00e5 Noa, i ett pressmeddelande.<\/p>\n<p>Enligt polisen ska han ha varit en av ledarakt\u00f6rerna bakom grova v\u00e5ldsd\u00e5d i \u00d6rebro det senaste \u00e5ret. Han \u00e4r misst\u00e4nkt f\u00f6r anstiftan till mord och tv\u00e5 fall av grov misshandel.<\/p>\n<p>\u00c4nnu har ingen tid satts f\u00f6r n\u00e4r h\u00e4ktningsf\u00f6rhandlingarna ska h\u00e5llas. <\/p>\n<p>\u00d6ver 40 nyckelakt\u00f6rer<\/p>\n<p>Svensk polis har i m\u00e5nga \u00e5r larmat om att g\u00e4ngens krig i Sverige i m\u00e5nga fall organiseras fr\u00e5n andra l\u00e4nder. SVT Nyheter har tidigare <a href=\"https:\/\/www.svt.se\/nyheter\/inrikes\/har-ar-gangtopparna-som-polisen-jagar-utomlands\" rel=\"nofollow noopener\" target=\"_blank\">kartlagt nyckelakt\u00f6rerna<\/a> som g\u00f6mmer sig utomlands och som \u00e4r av s\u00e4rskilt stort intresse f\u00f6r svensk polis.<\/p>\n<p>Totalt handlar det om drygt 40 personer som ska befinna sig i tolv olika l\u00e4nder.<\/p>\n<p>Texten uppdateras.<\/p>\n","protected":false},"excerpt":{"rendered":"Mannen har varit internationellt efterlyst och har varit h\u00e4ktad i sin utevaro. I s\u00f6ndags greps han i Kairo&hellip;\n","protected":false},"author":2,"featured_media":793,"comment_status":"","ping_status":"","sticky":false,"template":"","format":"standard","meta":{"footnotes":""},"categories":[5],"tags":[22,23,26,27,17,21,24,25,28,29,15,16,18,34,31,33,32,30,19,20],"class_list":{"0":"post-131340","1":"post","2":"type-post","3":"status-publish","4":"format-standard","5":"has-post-thumbnail","7":"category-rubriker","8":"tag-breaking-news","9":"tag-breakingnews","10":"tag-featured-news","11":"tag-featurednews","12":"tag-headlines","13":"tag-huvudnyheter","14":"tag-latest-news","15":"tag-latestnews","16":"tag-main-news","17":"tag-mainnews","18":"tag-news","19":"tag-nyheter","20":"tag-rubriker","21":"tag-se","22":"tag-svenska","23":"tag-sverige","24":"tag-sweden","25":"tag-swedish","26":"tag-top-stories","27":"tag-topstories"},"share_on_mastodon":{"url":"https:\/\/pubeurope.com\/@se\/115869945861147043","error":""},"_links":{"self":[{"href":"https:\/\/www.europesays.com\/se\/wp-json\/wp\/v2\/posts\/131340","targetHints":{"allow":["GET"]}}],"collection":[{"href":"https:\/\/www.europesays.com\/se\/wp-json\/wp\/v2\/posts"}],"about":[{"href":"https:\/\/www.europesays.com\/se\/wp-json\/wp\/v2\/types\/post"}],"author":[{"embeddable":true,"href":"https:\/\/www.europesays.com\/se\/wp-json\/wp\/v2\/users\/2"}],"replies":[{"embeddable":true,"href":"https:\/\/www.europesays.com\/se\/wp-json\/wp\/v2\/comments?post=131340"}],"version-history":[{"count":0,"href":"https:\/\/www.europesays.com\/se\/wp-json\/wp\/v2\/posts\/131340\/revisions"}],"wp:featuredmedia":[{"embeddable":true,"href":"https:\/\/www.europesays.com\/se\/wp-json\/wp\/v2\/media\/793"}],"wp:attachment":[{"href":"https:\/\/www.europesays.com\/se\/wp-json\/wp\/v2\/media?parent=131340"}],"wp:term":[{"taxonomy":"category","embeddable":true,"href":"https:\/\/www.europesays.com\/se\/wp-json\/wp\/v2\/categories?post=131340"},{"taxonomy":"post_tag","embeddable":true,"href":"https:\/\/www.europesays.com\/se\/wp-json\/wp\/v2\/tags?post=131340"}],"curies":[{"name":"wp","href":"https:\/\/api.w.org\/{rel}","templated":true}]}}