{"id":131342,"date":"2026-01-10T09:03:08","date_gmt":"2026-01-10T09:03:08","guid":{"rendered":"https:\/\/www.europesays.com\/se\/131342\/"},"modified":"2026-01-10T09:03:08","modified_gmt":"2026-01-10T09:03:08","slug":"dags-for-europa-att-prata-med-ryssland","status":"publish","type":"post","link":"https:\/\/www.europesays.com\/se\/131342\/","title":{"rendered":"Dags f\u00f6r Europa att prata med Ryssland"},"content":{"rendered":"<p>Europa m\u00e5ste b\u00f6rja f\u00f6ra egna samtal med Ryssland om kriget i Ukraina. Det s\u00e4ger Italiens premi\u00e4rminister Giorgia Meloni i samband med sitt ny\u00e5rstal, rapporterar italienska medier. <\/p>\n<p>Hon g\u00e5r inte in p\u00e5 detaljer och n\u00e4mner att det m\u00e5ste finnas europeisk enighet i fr\u00e5gan. <\/p>\n<p>\u2013 Annars skulle Putin gynnas, s\u00e4ger hon enligt la Repubblica. <\/p>\n<p>Meloni betonar samtidigt att hon inte vill att Ryssland sl\u00e4pps in i G7, organisationen som hette G8 innan Ryssland utesl\u00f6ts, igen. <\/p>\n<p>Omni \u00e4r politiskt obundna och oberoende. Vi str\u00e4var efter att ge fler perspektiv p\u00e5 nyheterna. Har du fr\u00e5gor eller synpunkter kring v\u00e5r rapportering? <a href=\"https:\/\/omni.se\/meloni-dags-for-europa-att-prata-med-ryssland\/a\/mailto:redaktion@omni.se\" class=\"ArticleActions_contactLink__W2F1M\" rel=\"nofollow noopener\" target=\"_blank\">Kontakta redaktionen<\/a><\/p>\n","protected":false},"excerpt":{"rendered":"Europa m\u00e5ste b\u00f6rja f\u00f6ra egna samtal med Ryssland om kriget i Ukraina. Det s\u00e4ger Italiens premi\u00e4rminister Giorgia Meloni&hellip;\n","protected":false},"author":2,"featured_media":131343,"comment_status":"","ping_status":"","sticky":false,"template":"","format":"standard","meta":{"footnotes":""},"categories":[14],"tags":[22,23,73,267,26,27,4564,4517,17,21,692,24,25,28,29,15,16,18,269,264,34,31,33,32,30,19,20,263,51,52,53,54],"class_list":{"0":"post-131342","1":"post","2":"type-post","3":"status-publish","4":"format-standard","5":"has-post-thumbnail","7":"category-varlden","8":"tag-breaking-news","9":"tag-breakingnews","10":"tag-eu","11":"tag-europa","12":"tag-featured-news","13":"tag-featurednews","14":"tag-g7","15":"tag-giorgia-meloni","16":"tag-headlines","17":"tag-huvudnyheter","18":"tag-italien","19":"tag-latest-news","20":"tag-latestnews","21":"tag-main-news","22":"tag-mainnews","23":"tag-news","24":"tag-nyheter","25":"tag-rubriker","26":"tag-ryska-invasionen","27":"tag-ryssland","28":"tag-se","29":"tag-svenska","30":"tag-sverige","31":"tag-sweden","32":"tag-swedish","33":"tag-top-stories","34":"tag-topstories","35":"tag-ukraina","36":"tag-varlden","37":"tag-world","38":"tag-world-news","39":"tag-worldnews"},"share_on_mastodon":{"url":"https:\/\/pubeurope.com\/@se\/115870000915631177","error":""},"_links":{"self":[{"href":"https:\/\/www.europesays.com\/se\/wp-json\/wp\/v2\/posts\/131342","targetHints":{"allow":["GET"]}}],"collection":[{"href":"https:\/\/www.europesays.com\/se\/wp-json\/wp\/v2\/posts"}],"about":[{"href":"https:\/\/www.europesays.com\/se\/wp-json\/wp\/v2\/types\/post"}],"author":[{"embeddable":true,"href":"https:\/\/www.europesays.com\/se\/wp-json\/wp\/v2\/users\/2"}],"replies":[{"embeddable":true,"href":"https:\/\/www.europesays.com\/se\/wp-json\/wp\/v2\/comments?post=131342"}],"version-history":[{"count":0,"href":"https:\/\/www.europesays.com\/se\/wp-json\/wp\/v2\/posts\/131342\/revisions"}],"wp:featuredmedia":[{"embeddable":true,"href":"https:\/\/www.europesays.com\/se\/wp-json\/wp\/v2\/media\/131343"}],"wp:attachment":[{"href":"https:\/\/www.europesays.com\/se\/wp-json\/wp\/v2\/media?parent=131342"}],"wp:term":[{"taxonomy":"category","embeddable":true,"href":"https:\/\/www.europesays.com\/se\/wp-json\/wp\/v2\/categories?post=131342"},{"taxonomy":"post_tag","embeddable":true,"href":"https:\/\/www.europesays.com\/se\/wp-json\/wp\/v2\/tags?post=131342"}],"curies":[{"name":"wp","href":"https:\/\/api.w.org\/{rel}","templated":true}]}}