{"id":131347,"date":"2026-01-10T09:13:06","date_gmt":"2026-01-10T09:13:06","guid":{"rendered":"https:\/\/www.europesays.com\/se\/131347\/"},"modified":"2026-01-10T09:13:06","modified_gmt":"2026-01-10T09:13:06","slug":"person-anhallen-for-misstankt-valdtakt-pa-restaurang-i-vasteras","status":"publish","type":"post","link":"https:\/\/www.europesays.com\/se\/131347\/","title":{"rendered":"Person anh\u00e5llen f\u00f6r misst\u00e4nkt v\u00e5ldt\u00e4kt p\u00e5 restaurang i V\u00e4ster\u00e5s"},"content":{"rendered":"<p>Polisen larmades klockan 00.46 efter uppgifter om att en misst\u00e4nkt v\u00e5ldt\u00e4kt ska ha intr\u00e4ffat i restaurangens lokaler. En m\u00e5ls\u00e4gande antr\u00e4ffades p\u00e5 plats och polisen inledde omedelbart utrednings\u00e5tg\u00e4rder.<\/p>\n<p>En misst\u00e4nkt person greps i anslutning till h\u00e4ndelsen och har efter \u00e5klagarbeslut nu anh\u00e5llits. <\/p>\n<p>\u2013 Det \u00e4r v\u00e4ldigt tidigt i utredningen, s\u00e4ger Katinka Enstr\u00f6m, jour\u00e5klagare och kammar\u00e5klagare.<\/p>\n<p>Beslut om h\u00e4ktning senast p\u00e5 m\u00e5ndag<\/p>\n<p>Beslut om den misst\u00e4nkte ska beg\u00e4ras h\u00e4ktad m\u00e5ste fattas senast klockan 12.00 p\u00e5 m\u00e5ndag den 12 januari. Den anh\u00e5llne \u00e4r fortsatt frihetsber\u00f6vad och ska nu h\u00f6ras tillsammans med en f\u00f6rsvarare.<\/p>\n<p>Polisen uppger att man av h\u00e4nsyn till de inblandade och den p\u00e5g\u00e5ende f\u00f6runders\u00f6kningen inte kommer att l\u00e4mna ytterligare kommentarer.<\/p>\n","protected":false},"excerpt":{"rendered":"Polisen larmades klockan 00.46 efter uppgifter om att en misst\u00e4nkt v\u00e5ldt\u00e4kt ska ha intr\u00e4ffat i restaurangens lokaler. En&hellip;\n","protected":false},"author":2,"featured_media":63854,"comment_status":"","ping_status":"","sticky":false,"template":"","format":"standard","meta":{"footnotes":""},"categories":[5],"tags":[22,23,26,27,17,21,24,25,28,29,15,16,18,34,31,33,32,30,19,20],"class_list":{"0":"post-131347","1":"post","2":"type-post","3":"status-publish","4":"format-standard","5":"has-post-thumbnail","7":"category-rubriker","8":"tag-breaking-news","9":"tag-breakingnews","10":"tag-featured-news","11":"tag-featurednews","12":"tag-headlines","13":"tag-huvudnyheter","14":"tag-latest-news","15":"tag-latestnews","16":"tag-main-news","17":"tag-mainnews","18":"tag-news","19":"tag-nyheter","20":"tag-rubriker","21":"tag-se","22":"tag-svenska","23":"tag-sverige","24":"tag-sweden","25":"tag-swedish","26":"tag-top-stories","27":"tag-topstories"},"share_on_mastodon":{"url":"https:\/\/pubeurope.com\/@se\/115870040234611223","error":""},"_links":{"self":[{"href":"https:\/\/www.europesays.com\/se\/wp-json\/wp\/v2\/posts\/131347","targetHints":{"allow":["GET"]}}],"collection":[{"href":"https:\/\/www.europesays.com\/se\/wp-json\/wp\/v2\/posts"}],"about":[{"href":"https:\/\/www.europesays.com\/se\/wp-json\/wp\/v2\/types\/post"}],"author":[{"embeddable":true,"href":"https:\/\/www.europesays.com\/se\/wp-json\/wp\/v2\/users\/2"}],"replies":[{"embeddable":true,"href":"https:\/\/www.europesays.com\/se\/wp-json\/wp\/v2\/comments?post=131347"}],"version-history":[{"count":0,"href":"https:\/\/www.europesays.com\/se\/wp-json\/wp\/v2\/posts\/131347\/revisions"}],"wp:featuredmedia":[{"embeddable":true,"href":"https:\/\/www.europesays.com\/se\/wp-json\/wp\/v2\/media\/63854"}],"wp:attachment":[{"href":"https:\/\/www.europesays.com\/se\/wp-json\/wp\/v2\/media?parent=131347"}],"wp:term":[{"taxonomy":"category","embeddable":true,"href":"https:\/\/www.europesays.com\/se\/wp-json\/wp\/v2\/categories?post=131347"},{"taxonomy":"post_tag","embeddable":true,"href":"https:\/\/www.europesays.com\/se\/wp-json\/wp\/v2\/tags?post=131347"}],"curies":[{"name":"wp","href":"https:\/\/api.w.org\/{rel}","templated":true}]}}