{"id":131350,"date":"2026-01-10T09:20:26","date_gmt":"2026-01-10T09:20:26","guid":{"rendered":"https:\/\/www.europesays.com\/se\/131350\/"},"modified":"2026-01-10T09:20:26","modified_gmt":"2026-01-10T09:20:26","slug":"nya-lonekravet-drabbar-aldreomsorgen-i-norrland-orimliga-krav","status":"publish","type":"post","link":"https:\/\/www.europesays.com\/se\/131350\/","title":{"rendered":"Nya l\u00f6nekravet drabbar \u00e4ldreomsorgen i Norrland \u2013 \u201dOrimliga krav\u201d"},"content":{"rendered":"<p>\t\t\t\t\t<a href=\"https:\/\/www.tn.se\/arbetskraftsinvandring\/\" rel=\"nofollow noopener\" target=\"_blank\"><br \/>\n\t\t\t\tARBETSKRAFTSINVANDRING<br \/>\n\t\t\t<\/a><\/p>\n<p>\t\t\t\t<img decoding=\"async\" class=\"figure-img img-fluid\"  src=\"https:\/\/www.europesays.com\/se\/wp-content\/uploads\/2026\/01\/1768036826_37_bilder.tn.se.jpeg\" alt=\"\" itemprop=\"image\"\/><\/p>\n<p>\t\t\t\t\t\t\t\t\tGenrebild.<br \/>\n\t\t\t\t\t\t\t\t\t\t\t\t\tBild:<br \/>\n\t\t\t\t\tOscar Olsson\/TT<\/p>\n<p class=\"ew-preamble\" itemprop=\"description\">De h\u00f6jda l\u00f6nekraven f\u00f6r arbetskraftsinvandring riskerar att f\u00f6rsv\u00e5ra rekryteringen till \u00e4ldreomsorgen i Norrland, rapporterar tidningen Nordsverige.<\/p>\n<p>\n\t\tPublicerad:<br \/>\n\t\t9 jan 2026, 10:00\n\t<\/p>\n<p class=\"ew-body\">Conny Uppling, \u00e4ldreomsorgschefen i Sollefte\u00e5 kommun, tror att l\u00f6negolvet kommer att sl\u00e5 h\u00e5rt mot flera Norrlandskommuner.<\/p>\n<p class=\"ew-body\">\u2013 Sj\u00e4lvklart blir det sv\u00e5rare att rekrytera ur den h\u00e4r m\u00e5lgruppen n\u00e4r vi inte kan erbjuda de l\u00f6neniv\u00e5er som kr\u00e4vs. Vi tycker att det \u00e4r ett tr\u00e5kigt beslut och att kraven \u00e4r orimliga f\u00f6r oss. Det kan sl\u00e5 h\u00e5rdare mot Norrlandskommuner \u00e4n mot \u00f6vriga landet, s\u00e4ger han till Nordsverige.<\/p>\n<p class=\"ew-body\">I \u00d6rnsk\u00f6ldsviks kommun finns det ocks\u00e5 en oro f\u00f6r det nya l\u00f6nekraven.<\/p>\n<p class=\"ew-body\">\u2013 Vi p\u00e5verkas av de h\u00f6jda l\u00f6nekraven. Det inneb\u00e4r att v\u00e5r konkurrenskraft som arbetsgivare utmanas, s\u00e4rskilt inom yrken d\u00e4r det redan r\u00e5der personalbrist, s\u00e4ger \u00e4ldreomsorgschefen Carina Vestin till Nordsverige.<\/p>\n<p class=\"ew-body\"><a href=\"https:\/\/www.nordsverige.se\/2025-12-29\/oro-i-aldreomsorgen-nar-lonekraven-hojs-cd961\" id=\"link-c5267b5efe2db61db8bab1ee16324f47\" target=\"_blank\" rel=\"nofollow noopener\">Nordsverige: Oro i \u00e4ldreomsorgen n\u00e4r l\u00f6nekraven h\u00f6js<\/a><\/p>\n<p>\n\t\tPublicerad:<br \/>\n\t\t9 jan 2026, 10:00\n\t<\/p>\n","protected":false},"excerpt":{"rendered":"ARBETSKRAFTSINVANDRING Genrebild. Bild: Oscar Olsson\/TT De h\u00f6jda l\u00f6nekraven f\u00f6r arbetskraftsinvandring riskerar att f\u00f6rsv\u00e5ra rekryteringen till \u00e4ldreomsorgen i Norrland,&hellip;\n","protected":false},"author":2,"featured_media":131351,"comment_status":"","ping_status":"","sticky":false,"template":"","format":"standard","meta":{"footnotes":""},"categories":[12],"tags":[22,23,26,27,17,21,24,25,28,29,15,16,18,34,31,33,32,30,19,20],"class_list":{"0":"post-131350","1":"post","2":"type-post","3":"status-publish","4":"format-standard","5":"has-post-thumbnail","7":"category-sverige","8":"tag-breaking-news","9":"tag-breakingnews","10":"tag-featured-news","11":"tag-featurednews","12":"tag-headlines","13":"tag-huvudnyheter","14":"tag-latest-news","15":"tag-latestnews","16":"tag-main-news","17":"tag-mainnews","18":"tag-news","19":"tag-nyheter","20":"tag-rubriker","21":"tag-se","22":"tag-svenska","23":"tag-sverige","24":"tag-sweden","25":"tag-swedish","26":"tag-top-stories","27":"tag-topstories"},"share_on_mastodon":{"url":"https:\/\/pubeurope.com\/@se\/115870067814020775","error":""},"_links":{"self":[{"href":"https:\/\/www.europesays.com\/se\/wp-json\/wp\/v2\/posts\/131350","targetHints":{"allow":["GET"]}}],"collection":[{"href":"https:\/\/www.europesays.com\/se\/wp-json\/wp\/v2\/posts"}],"about":[{"href":"https:\/\/www.europesays.com\/se\/wp-json\/wp\/v2\/types\/post"}],"author":[{"embeddable":true,"href":"https:\/\/www.europesays.com\/se\/wp-json\/wp\/v2\/users\/2"}],"replies":[{"embeddable":true,"href":"https:\/\/www.europesays.com\/se\/wp-json\/wp\/v2\/comments?post=131350"}],"version-history":[{"count":0,"href":"https:\/\/www.europesays.com\/se\/wp-json\/wp\/v2\/posts\/131350\/revisions"}],"wp:featuredmedia":[{"embeddable":true,"href":"https:\/\/www.europesays.com\/se\/wp-json\/wp\/v2\/media\/131351"}],"wp:attachment":[{"href":"https:\/\/www.europesays.com\/se\/wp-json\/wp\/v2\/media?parent=131350"}],"wp:term":[{"taxonomy":"category","embeddable":true,"href":"https:\/\/www.europesays.com\/se\/wp-json\/wp\/v2\/categories?post=131350"},{"taxonomy":"post_tag","embeddable":true,"href":"https:\/\/www.europesays.com\/se\/wp-json\/wp\/v2\/tags?post=131350"}],"curies":[{"name":"wp","href":"https:\/\/api.w.org\/{rel}","templated":true}]}}