{"id":131352,"date":"2026-01-10T09:21:12","date_gmt":"2026-01-10T09:21:12","guid":{"rendered":"https:\/\/www.europesays.com\/se\/131352\/"},"modified":"2026-01-10T09:21:12","modified_gmt":"2026-01-10T09:21:12","slug":"aldre-man-saknas-efter-villabrand-utanfor-osthammar","status":"publish","type":"post","link":"https:\/\/www.europesays.com\/se\/131352\/","title":{"rendered":"\u00c4ldre man saknas efter villabrand utanf\u00f6r \u00d6sthammar"},"content":{"rendered":"<p>Strax innan midnatt p\u00e5 fredagskv\u00e4llen larmades SOS om att en villa nordv\u00e4st om \u00d6sthammar stod i l\u00e5gor.\u00a0\u2013 Det var boende i omr\u00e5det som slog larm, s\u00e4ger Stefan Larsson, polisens presstalesperson.\u00a0R\u00e4ddningstj\u00e4nsten var p\u00e5 plats med flera enheter fr\u00e5n \u00d6sthammar och Gimo, men byggnaden gick inte att r\u00e4dda, enligt r\u00e4ddningstj\u00e4nsten. R\u00e4ddningstj\u00e4nsten arbetade d\u00e4rf\u00f6r med eft<\/p>\n","protected":false},"excerpt":{"rendered":"Strax innan midnatt p\u00e5 fredagskv\u00e4llen larmades SOS om att en villa nordv\u00e4st om \u00d6sthammar stod i l\u00e5gor.\u00a0\u2013 Det&hellip;\n","protected":false},"author":2,"featured_media":1027,"comment_status":"","ping_status":"","sticky":false,"template":"","format":"standard","meta":{"footnotes":""},"categories":[5],"tags":[22,23,26,27,17,21,24,25,28,29,15,16,18,34,31,33,32,30,19,20],"class_list":{"0":"post-131352","1":"post","2":"type-post","3":"status-publish","4":"format-standard","5":"has-post-thumbnail","7":"category-rubriker","8":"tag-breaking-news","9":"tag-breakingnews","10":"tag-featured-news","11":"tag-featurednews","12":"tag-headlines","13":"tag-huvudnyheter","14":"tag-latest-news","15":"tag-latestnews","16":"tag-main-news","17":"tag-mainnews","18":"tag-news","19":"tag-nyheter","20":"tag-rubriker","21":"tag-se","22":"tag-svenska","23":"tag-sverige","24":"tag-sweden","25":"tag-swedish","26":"tag-top-stories","27":"tag-topstories"},"share_on_mastodon":{"url":"https:\/\/pubeurope.com\/@se\/115870071705055394","error":""},"_links":{"self":[{"href":"https:\/\/www.europesays.com\/se\/wp-json\/wp\/v2\/posts\/131352","targetHints":{"allow":["GET"]}}],"collection":[{"href":"https:\/\/www.europesays.com\/se\/wp-json\/wp\/v2\/posts"}],"about":[{"href":"https:\/\/www.europesays.com\/se\/wp-json\/wp\/v2\/types\/post"}],"author":[{"embeddable":true,"href":"https:\/\/www.europesays.com\/se\/wp-json\/wp\/v2\/users\/2"}],"replies":[{"embeddable":true,"href":"https:\/\/www.europesays.com\/se\/wp-json\/wp\/v2\/comments?post=131352"}],"version-history":[{"count":0,"href":"https:\/\/www.europesays.com\/se\/wp-json\/wp\/v2\/posts\/131352\/revisions"}],"wp:featuredmedia":[{"embeddable":true,"href":"https:\/\/www.europesays.com\/se\/wp-json\/wp\/v2\/media\/1027"}],"wp:attachment":[{"href":"https:\/\/www.europesays.com\/se\/wp-json\/wp\/v2\/media?parent=131352"}],"wp:term":[{"taxonomy":"category","embeddable":true,"href":"https:\/\/www.europesays.com\/se\/wp-json\/wp\/v2\/categories?post=131352"},{"taxonomy":"post_tag","embeddable":true,"href":"https:\/\/www.europesays.com\/se\/wp-json\/wp\/v2\/tags?post=131352"}],"curies":[{"name":"wp","href":"https:\/\/api.w.org\/{rel}","templated":true}]}}