{"id":131355,"date":"2026-01-10T09:29:13","date_gmt":"2026-01-10T09:29:13","guid":{"rendered":"https:\/\/www.europesays.com\/se\/131355\/"},"modified":"2026-01-10T09:29:13","modified_gmt":"2026-01-10T09:29:13","slug":"sa-overkom-hemtjansten-snokaoset-i-mora-nervos-mora-tidning","status":"publish","type":"post","link":"https:\/\/www.europesays.com\/se\/131355\/","title":{"rendered":"S\u00e5 \u00f6verkom hemtj\u00e4nsten sn\u00f6kaoset i Mora: \u201dNerv\u00f6s\u201d \u2013 Mora Tidning"},"content":{"rendered":"<p>Trots rekordmycket sn\u00f6 och sv\u00e5ra f\u00f6rh\u00e5llanden lyckades hemtj\u00e4nsten i Mora hj\u00e4lpa de mest beh\u00f6vande i veckan. <\/p>\n<p>Med kreativitet och samarbete tog sig personalen fram till v\u00e5rdtagarna.<\/p>\n<p>\u2013 Personalen v\u00e4nde in och ut p\u00e5 sig sj\u00e4lva, ber\u00e4ttar Annica Brask, enhetschef i Noret. <\/p>\n<p><img loading=\"lazy\" decoding=\"async\" width=\"980\" height=\"551\" class=\"article-image article-image--featured\" alt=\"Absurt mycket sn\u00f6 svepte in \u00f6ver Mora natten mellan tisdagen och onsdagen. \" src=\"https:\/\/www.europesays.com\/se\/wp-content\/uploads\/2026\/01\/7358fc3c-1407-4207-a7df-c55e3587dd18.jpeg\"  \/><a class=\"article__lightbox-link\" href=\"https:\/\/static.bonniernews.se\/ba\/7358fc3c-1407-4207-a7df-c55e3587dd18.jpeg?crop=3920%2C2205%2Cx0%2Cy205&amp;width=1400&amp;format=pjpg&amp;auto=avif\" data-pswp-width=\"1400\" data-pswp-height=\"788\" data-pswp-caption=\"Absurt mycket sn\u00f6 svepte in \u00f6ver Mora natten mellan tisdagen och onsdagen.  Bild: Stefan R\u00e4mg\u00e5rd \u00d6stlund, Arkivbild\" data-pswp- rel=\"nofollow noopener\" target=\"_blank\">\u00d6ppna bild i helsk\u00e4rmsl\u00e4ge<\/a><\/p>\n<p class=\"txt-style-muted\" aria-hidden=\"true\">Absurt mycket sn\u00f6 svepte in \u00f6ver Mora natten mellan tisdagen och onsdagen. <\/p>\n<p class=\"article__figcaption-attribution txt-style-muted\">Bild: Stefan R\u00e4mg\u00e5rd \u00d6stlund, Arkivbild<\/p>\n<p>Personalen som jobbar inom hemtj\u00e4nsten i Mora k\u00e4nde sig troligtvis n\u00e5got m\u00f6rbultad i slutet av veckan. <\/p>\n<p>Tekniskt fel<\/p>\n<p class=\"message__text txt-ui txt-ui-2\">V\u00e4nligen f\u00f6rs\u00f6k igen senare.<\/p>\n<p>Den h\u00e4r artikeln \u00e4r bara f\u00f6r prenumeranter<\/p>\n<p class=\"txt-body txt-body-1\">Om du redan \u00e4r prenumerant: logga in!<\/p>\n","protected":false},"excerpt":{"rendered":"Trots rekordmycket sn\u00f6 och sv\u00e5ra f\u00f6rh\u00e5llanden lyckades hemtj\u00e4nsten i Mora hj\u00e4lpa de mest beh\u00f6vande i veckan. Med kreativitet&hellip;\n","protected":false},"author":2,"featured_media":131356,"comment_status":"","ping_status":"","sticky":false,"template":"","format":"standard","meta":{"footnotes":""},"categories":[5],"tags":[22,23,26,27,17,21,24,25,28,29,15,16,18,34,31,33,32,30,19,20],"class_list":{"0":"post-131355","1":"post","2":"type-post","3":"status-publish","4":"format-standard","5":"has-post-thumbnail","7":"category-rubriker","8":"tag-breaking-news","9":"tag-breakingnews","10":"tag-featured-news","11":"tag-featurednews","12":"tag-headlines","13":"tag-huvudnyheter","14":"tag-latest-news","15":"tag-latestnews","16":"tag-main-news","17":"tag-mainnews","18":"tag-news","19":"tag-nyheter","20":"tag-rubriker","21":"tag-se","22":"tag-svenska","23":"tag-sverige","24":"tag-sweden","25":"tag-swedish","26":"tag-top-stories","27":"tag-topstories"},"share_on_mastodon":{"url":"https:\/\/pubeurope.com\/@se\/115870103184636914","error":""},"_links":{"self":[{"href":"https:\/\/www.europesays.com\/se\/wp-json\/wp\/v2\/posts\/131355","targetHints":{"allow":["GET"]}}],"collection":[{"href":"https:\/\/www.europesays.com\/se\/wp-json\/wp\/v2\/posts"}],"about":[{"href":"https:\/\/www.europesays.com\/se\/wp-json\/wp\/v2\/types\/post"}],"author":[{"embeddable":true,"href":"https:\/\/www.europesays.com\/se\/wp-json\/wp\/v2\/users\/2"}],"replies":[{"embeddable":true,"href":"https:\/\/www.europesays.com\/se\/wp-json\/wp\/v2\/comments?post=131355"}],"version-history":[{"count":0,"href":"https:\/\/www.europesays.com\/se\/wp-json\/wp\/v2\/posts\/131355\/revisions"}],"wp:featuredmedia":[{"embeddable":true,"href":"https:\/\/www.europesays.com\/se\/wp-json\/wp\/v2\/media\/131356"}],"wp:attachment":[{"href":"https:\/\/www.europesays.com\/se\/wp-json\/wp\/v2\/media?parent=131355"}],"wp:term":[{"taxonomy":"category","embeddable":true,"href":"https:\/\/www.europesays.com\/se\/wp-json\/wp\/v2\/categories?post=131355"},{"taxonomy":"post_tag","embeddable":true,"href":"https:\/\/www.europesays.com\/se\/wp-json\/wp\/v2\/tags?post=131355"}],"curies":[{"name":"wp","href":"https:\/\/api.w.org\/{rel}","templated":true}]}}