{"id":131366,"date":"2026-01-10T09:46:13","date_gmt":"2026-01-10T09:46:13","guid":{"rendered":"https:\/\/www.europesays.com\/se\/131366\/"},"modified":"2026-01-10T09:46:13","modified_gmt":"2026-01-10T09:46:13","slug":"varnar-for-samre-beredskap-nar-krismyndighet-blir-krigsmyndighet","status":"publish","type":"post","link":"https:\/\/www.europesays.com\/se\/131366\/","title":{"rendered":"Varnar f\u00f6r s\u00e4mre beredskap n\u00e4r krismyndighet blir krigsmyndighet"},"content":{"rendered":"<p>Myndigheten f\u00f6r samh\u00e4llsskydd och beredskap, MSB, heter numera Myndigheten f\u00f6r civilt f\u00f6rsvar, MCF. Namnbytet tr\u00e4dde i kraft den 1 januari i \u00e5r.\u00a0<\/p>\n<p>Myndigheten har inte bara d\u00f6pts om \u2013 den har ocks\u00e5 f\u00e5tt en ny inriktning och en ny roll. Nytt fokus \u00e4r v\u00e4pnad konflikt, eller som myndighetens generaldirekt\u00f6r, generalmajor Mikael Frisell, uttrycker det f\u00f6r <a href=\"https:\/\/www.aftonbladet.se\/nyheter\/a\/j0dkbn\/msb-byter-namn-och-fokus-forbereder-for-krig\" rel=\"nofollow noopener\" target=\"_blank\">TT<\/a><b>:<\/b><\/p>\n","protected":false},"excerpt":{"rendered":"Myndigheten f\u00f6r samh\u00e4llsskydd och beredskap, MSB, heter numera Myndigheten f\u00f6r civilt f\u00f6rsvar, MCF. Namnbytet tr\u00e4dde i kraft den&hellip;\n","protected":false},"author":2,"featured_media":131367,"comment_status":"","ping_status":"","sticky":false,"template":"","format":"standard","meta":{"footnotes":""},"categories":[5],"tags":[22,23,26,27,17,21,24,25,28,29,15,16,18,34,31,33,32,30,19,20],"class_list":{"0":"post-131366","1":"post","2":"type-post","3":"status-publish","4":"format-standard","5":"has-post-thumbnail","7":"category-rubriker","8":"tag-breaking-news","9":"tag-breakingnews","10":"tag-featured-news","11":"tag-featurednews","12":"tag-headlines","13":"tag-huvudnyheter","14":"tag-latest-news","15":"tag-latestnews","16":"tag-main-news","17":"tag-mainnews","18":"tag-news","19":"tag-nyheter","20":"tag-rubriker","21":"tag-se","22":"tag-svenska","23":"tag-sverige","24":"tag-sweden","25":"tag-swedish","26":"tag-top-stories","27":"tag-topstories"},"share_on_mastodon":{"url":"https:\/\/pubeurope.com\/@se\/115870169957015218","error":""},"_links":{"self":[{"href":"https:\/\/www.europesays.com\/se\/wp-json\/wp\/v2\/posts\/131366","targetHints":{"allow":["GET"]}}],"collection":[{"href":"https:\/\/www.europesays.com\/se\/wp-json\/wp\/v2\/posts"}],"about":[{"href":"https:\/\/www.europesays.com\/se\/wp-json\/wp\/v2\/types\/post"}],"author":[{"embeddable":true,"href":"https:\/\/www.europesays.com\/se\/wp-json\/wp\/v2\/users\/2"}],"replies":[{"embeddable":true,"href":"https:\/\/www.europesays.com\/se\/wp-json\/wp\/v2\/comments?post=131366"}],"version-history":[{"count":0,"href":"https:\/\/www.europesays.com\/se\/wp-json\/wp\/v2\/posts\/131366\/revisions"}],"wp:featuredmedia":[{"embeddable":true,"href":"https:\/\/www.europesays.com\/se\/wp-json\/wp\/v2\/media\/131367"}],"wp:attachment":[{"href":"https:\/\/www.europesays.com\/se\/wp-json\/wp\/v2\/media?parent=131366"}],"wp:term":[{"taxonomy":"category","embeddable":true,"href":"https:\/\/www.europesays.com\/se\/wp-json\/wp\/v2\/categories?post=131366"},{"taxonomy":"post_tag","embeddable":true,"href":"https:\/\/www.europesays.com\/se\/wp-json\/wp\/v2\/tags?post=131366"}],"curies":[{"name":"wp","href":"https:\/\/api.w.org\/{rel}","templated":true}]}}