{"id":131368,"date":"2026-01-10T09:51:19","date_gmt":"2026-01-10T09:51:19","guid":{"rendered":"https:\/\/www.europesays.com\/se\/131368\/"},"modified":"2026-01-10T09:51:19","modified_gmt":"2026-01-10T09:51:19","slug":"bill-gates-ger-ex-frun-72-miljarder","status":"publish","type":"post","link":"https:\/\/www.europesays.com\/se\/131368\/","title":{"rendered":"Bill Gates ger ex-frun 72 miljarder"},"content":{"rendered":"<p>Publicerad 10 jan 2026 kl 02.51Uppdaterad kl 07.22<\/p>\n<p>Bill Gates ger sin ex-fru 72,5 miljarder kronor, skriver <a href=\"https:\/\/www.nytimes.com\/2026\/01\/09\/business\/dealbook\/gates-divorce-settlement.html\" rel=\"nofollow noopener\" target=\"_blank\">New York Times<\/a>.<\/p>\n<p>Pengarna \u00e4r en donation till hennes v\u00e4lg\u00f6renhetsstiftelse.<\/p>\n<p>Det \u00e4r en av de st\u00f6rsta donationerna n\u00e5gonsin.<\/p>\n<p>Senaste nyhetsklippen fr\u00e5n Expressen.<img   alt=\"\"\/><\/p>\n<p>Bill Gates och Melinda French Gates.<\/p>\n<p>Foto: ELAINE THOMPSON \/ AP TT NYHETSBYR\u00c5N<\/p>\n<p>\u00d6ppna bild i helsk\u00e4rm<\/p>\n<p>Microsoft-grundaren <a href=\"https:\/\/www.expressen.se\/tagg\/person\/bill-gates\/\" class=\"\" rel=\"nofollow noopener\" target=\"_blank\">Bill Gates<\/a> och Melinda French Gates var gifta i 27 \u00e5r och fick tre d\u00f6ttrar tillsammans. De skilde sig 2021.<\/p>\n<p>Som en del av skilsm\u00e4ssoavtalet har nu Gates donerat 72,5 miljarder kronor till Melinda French Gates v\u00e4lg\u00f6renhetsstiftelse, en av de st\u00f6rsta donationerna n\u00e5gonsin.<\/p>\n<p>French Gates avgick som vice ordf\u00f6rande f\u00f6r parets Bill and Melinda Gates Foundation i maj 2024. Hon har tidigare sagt att ex-makens relation till den \u201donda och motbjudande\u201d sexf\u00f6rbrytaren Jeffrey Epstein var en faktor i beslutet att skilja sig.<\/p>\n<p>Tillfr\u00e5gad om varf\u00f6r de separerade svarade French Gates:<\/p>\n<p>\u2013 Det var inte en sak, det var m\u00e5nga saker. Jag gillade inte att han hade m\u00f6ten med Jeffrey Epstein.<\/p>\n<p>\u201dM\u00f6tena var ett misstag\u201d<\/p>\n<p>Gates har tidigare sagt att han \u00e5t middag med Epstein vid flera tillf\u00e4llen i hopp om att han skulle hj\u00e4lpa till att f\u00e5 in donationer fr\u00e5n rika v\u00e4nner till hans stiftelse.<\/p>\n<p>\u2013 De d\u00e4r m\u00f6tena var ett misstag. Jag var dum som tillbringade tid med honom. Jag \u00e5t middag med honom och det var allt, sade Gates.<\/p>\n<p>Det har inte riktats n\u00e5gra anklagelser mot Gates kring samr\u00f6ret med Epstein.<\/p>\n<p>Gates har lovat att sk\u00e4nka bort 99 procent av sin f\u00f6rm\u00f6genhet, som uppskattas till 959 miljarder kronor enligt <a href=\"https:\/\/www.forbes.com\/profile\/bill-gates\/?list=rtb&amp;ctpv=rtb\" rel=\"nofollow noopener\" target=\"_blank\">Forbes<\/a>.\u00a0<\/p>\n","protected":false},"excerpt":{"rendered":"Publicerad 10 jan 2026 kl 02.51Uppdaterad kl 07.22 Bill Gates ger sin ex-fru 72,5 miljarder kronor, skriver New&hellip;\n","protected":false},"author":2,"featured_media":131369,"comment_status":"","ping_status":"","sticky":false,"template":"","format":"standard","meta":{"footnotes":""},"categories":[65],"tags":[72,70,71,6097,13449,34,55,31,33,32,30],"class_list":{"0":"post-131368","1":"post","2":"type-post","3":"status-publish","4":"format-standard","5":"has-post-thumbnail","7":"category-ekonomi","8":"tag-business","9":"tag-economy","10":"tag-ekonomi","11":"tag-person-bill-gates","12":"tag-person-melinda-gates","13":"tag-se","14":"tag-sections-varlden","15":"tag-svenska","16":"tag-sverige","17":"tag-sweden","18":"tag-swedish"},"share_on_mastodon":{"url":"https:\/\/pubeurope.com\/@se\/115870189643480917","error":""},"_links":{"self":[{"href":"https:\/\/www.europesays.com\/se\/wp-json\/wp\/v2\/posts\/131368","targetHints":{"allow":["GET"]}}],"collection":[{"href":"https:\/\/www.europesays.com\/se\/wp-json\/wp\/v2\/posts"}],"about":[{"href":"https:\/\/www.europesays.com\/se\/wp-json\/wp\/v2\/types\/post"}],"author":[{"embeddable":true,"href":"https:\/\/www.europesays.com\/se\/wp-json\/wp\/v2\/users\/2"}],"replies":[{"embeddable":true,"href":"https:\/\/www.europesays.com\/se\/wp-json\/wp\/v2\/comments?post=131368"}],"version-history":[{"count":0,"href":"https:\/\/www.europesays.com\/se\/wp-json\/wp\/v2\/posts\/131368\/revisions"}],"wp:featuredmedia":[{"embeddable":true,"href":"https:\/\/www.europesays.com\/se\/wp-json\/wp\/v2\/media\/131369"}],"wp:attachment":[{"href":"https:\/\/www.europesays.com\/se\/wp-json\/wp\/v2\/media?parent=131368"}],"wp:term":[{"taxonomy":"category","embeddable":true,"href":"https:\/\/www.europesays.com\/se\/wp-json\/wp\/v2\/categories?post=131368"},{"taxonomy":"post_tag","embeddable":true,"href":"https:\/\/www.europesays.com\/se\/wp-json\/wp\/v2\/tags?post=131368"}],"curies":[{"name":"wp","href":"https:\/\/api.w.org\/{rel}","templated":true}]}}