{"id":131370,"date":"2026-01-10T09:54:34","date_gmt":"2026-01-10T09:54:34","guid":{"rendered":"https:\/\/www.europesays.com\/se\/131370\/"},"modified":"2026-01-10T09:54:34","modified_gmt":"2026-01-10T09:54:34","slug":"utan-usa-stannar-europas-ekonomin-inter-hallbart","status":"publish","type":"post","link":"https:\/\/www.europesays.com\/se\/131370\/","title":{"rendered":"Utan USA stannar Europas ekonomin \u2013 inter h\u00e5llbart"},"content":{"rendered":"<p><a data-test-tag=\"internal-link\" href=\"https:\/\/www.aftonbladet.se\/av\/andreas-cervenka\" class=\"hyperion-css-13ns1rr\" rel=\"nofollow noopener\" target=\"\" aria-label=\"Se alla artiklar av Andreas Cervenka\"><img decoding=\"async\" class=\"image-asset hyperion-css-n6kkq1\" data-test-tag=\"image-asset\" src=\"https:\/\/www.europesays.com\/se\/wp-content\/uploads\/2026\/01\/c1eda0a0-2392-487c-a729-485bdc6e59aa.png\"  alt=\"\"  loading=\"lazy\" fetchpriority=\"auto\" style=\"aspect-ratio:1900 \/ 1900\"\/><\/a><\/p>\n<p class=\"boxtextgrotesk-root_baa6 hyperion-css-7pajle\">Publicerad 2026-01-09 07.21<\/p>\n<p>share-arrowDela<\/p>\n<p>unsaveSpara<\/p>\n<p>expand-left<\/p>\n<p>helsk\u00e4rm<img decoding=\"async\" class=\"image-asset hyperion-css-u06ts1\" data-test-tag=\"image-asset\" src=\"https:\/\/www.europesays.com\/se\/wp-content\/uploads\/2026\/01\/ca46e434-62f9-4cbc-9d01-cfebd64b8f16.jpeg\"  alt=\"Trump har f\u00f6r\u00e4ndrat l\u00e4get \u2013 det gamla USA finns inte l\u00e4ngre.\"  loading=\"eager\" fetchpriority=\"high\" style=\"aspect-ratio:1900 \/ 1219\"\/>Trump har f\u00f6r\u00e4ndrat l\u00e4get \u2013 det gamla USA finns inte l\u00e4ngre. Foto: Evan Vucci\/AP<\/p>\n<p class=\"hyperion-css-1shl3oz\" data-test-tag=\"lead-text\">Med Donald Trumps hot mot Danmark har USA g\u00e5tt fr\u00e5n Europas v\u00e4n till n\u00e5got annat. <\/p>\n<p class=\"hyperion-css-1shl3oz\" data-test-tag=\"lead-text\">Samtidigt \u00e4r v\u00e5r ekonomi helt beroende av USA:s techj\u00e4ttar och finansbolag.<\/p>\n<p class=\"hyperion-css-1shl3oz\" data-test-tag=\"lead-text\">Det \u00e4r inte l\u00e4ngre h\u00e5llbart. <\/p>\n<p class=\"hyperion-css-1v9qo5x\">Tillh\u00f6r du de som k\u00e4nner dig lite deprimerad n\u00e4r du tar del av nyheter om v\u00e4rldsl\u00e4get?\u00a0<\/p>\n<p class=\"hyperion-css-1v9qo5x\">Lugn \u2013 det \u00e4r fullt normalt.\u00a0<\/p>\n<p class=\"hyperion-css-1v9qo5x\">Enligt den schweiziske psykiatrikern Elisabeth K\u00fcbler-Ross klassiska modell f\u00f6r hur m\u00e4nniskor reagerar p\u00e5 en stor f\u00f6rlust f\u00f6ljer sorgen fem faser: f\u00f6rnekelse, ilska, k\u00f6psl\u00e5ende, depression och acceptans.\u00a0<\/p>\n<p class=\"hyperion-css-1v9qo5x\">Ungef\u00e4r s\u00e5 har det ocks\u00e5 sett ut bland m\u00e5nga europeiska politiker det senaste \u00e5ret. Det gamla <a data-test-tag=\"internal-link\" href=\"https:\/\/www.aftonbladet.se\/tagg\/usa\" class=\"hyperion-css-15jkft9\" rel=\"nofollow noopener\" target=\"\" aria-label=\"USA\">USA<\/a> finns inte l\u00e4ngre och det har tagit tid f\u00f6r detta att sjunka in.\u00a0<\/p>\n<p class=\"hyperion-css-1v9qo5x\">Nu verkar acceptansen vara h\u00e4r. De senaste dagarna har tonl\u00e4get h\u00f6jts mot USA, bland annat i ett <a aria-label=\"gemensamt uttalande \" class=\"default hyperion-css-15jkft9\" href=\"https:\/\/www.elysee.fr\/en\/emmanuel-macron\/2026\/01\/06\/joint-statement-on-greenland\" rel=\"noopener nofollow noreferrer\" data-test-tag=\"external-link\" target=\"_blank\">gemensamt uttalande <\/a>om <a data-test-tag=\"internal-link\" href=\"https:\/\/www.aftonbladet.se\/tagg\/gronland\" class=\"hyperion-css-15jkft9\" rel=\"nofollow noopener\" target=\"\" aria-label=\"Gr\u00f6nland\">Gr\u00f6nland<\/a> av Europas fr\u00e4msta ledare.\u00a0<\/p>\n<p class=\"hyperion-css-1v9qo5x\">USA har med sin intervention i Venezuela och eskalerande hot mot Danmark inte bara k\u00f6rt den gamla v\u00e4rldsordningen genom dokumentf\u00f6rst\u00f6raren. Landet utg\u00f6r nu ett konkret hot mot ett av Sveriges grannl\u00e4nder.\u00a0<\/p>\n<p class=\"hyperion-css-1v9qo5x\">Som kollegan Johan Mathias Sommarstr\u00f6m <a data-test-tag=\"internal-link\" href=\"https:\/\/www.aftonbladet.se\/nyheter\/kolumnister\/a\/k0JlXj\/donald-trump-kommer-att-forsoka-ta-gronland\" class=\"hyperion-css-15jkft9\" rel=\"nofollow noopener\" target=\"\" aria-label=\"skriver \">skriver <\/a>\u00e4r det inte l\u00e4ngre fr\u00e5gan om utan n\u00e4r USA tar \u00f6ver Gr\u00f6nland. Det g\u00e5r inte att utesluta milit\u00e4r aggression, enligt officiella <a aria-label=\"uttalanden \" class=\"default hyperion-css-15jkft9\" href=\"https:\/\/www.npr.org\/2026\/01\/06\/nx-s1-5668080\/danish-prime-minister-us-takeover-greenland-end-of-nato\" rel=\"noopener nofollow noreferrer\" data-test-tag=\"external-link\" target=\"_blank\">uttalanden <\/a>fr\u00e5n Vita huset.\u00a0<\/p>\n<p class=\"hyperion-css-1v9qo5x\">\u00c4r en nation som \u00e4r beredd att ta \u00f6ver europeiska l\u00e4nders territorier med v\u00e5ld eller hot om v\u00e5ld att betrakta som en p\u00e5litlig kompis? Det \u00e4r v\u00e4ldigt sv\u00e5rt att svara ett \u00e4rligt ja p\u00e5 den fr\u00e5gan.\u00a0<\/p>\n<p class=\"hyperion-css-1v9qo5x\">Och om det inte g\u00e5r att lita p\u00e5 USA f\u00f6r\u00e4ndrar det allt.\u00a0<\/p>\n<p>expand-left<\/p>\n<p>helsk\u00e4rm<img decoding=\"async\" class=\"image-asset hyperion-css-u06ts1\" data-test-tag=\"image-asset\" src=\"https:\/\/www.europesays.com\/se\/wp-content\/uploads\/2026\/01\/fce01242-b417-4d87-b0ec-87375893f4ac.jpeg\"  alt=\"Google \u2013 en av de amerikanska it-j\u00e4ttarna.\"  loading=\"eager\" fetchpriority=\"high\" style=\"aspect-ratio:1900 \/ 1267\"\/>Google \u2013 en av de amerikanska it-j\u00e4ttarna. Foto: Gene J. Puskar \/ AP<\/p>\n<p class=\"hyperion-css-1v9qo5x\"><strong>Utg\u00e5ngsl\u00e4get \u00e4r problematiskt.<\/strong> Europas beroende av USA \u00e4r n\u00e4mligen enormt.\u00a0<\/p>\n<p class=\"hyperion-css-1v9qo5x\">Det g\u00e4ller inte bara f\u00f6rsvaret d\u00e4r USA:s st\u00f6d till Ukraina i kriget mot Ryssland \u00e4r avg\u00f6rande.\u00a0<\/p>\n<p class=\"hyperion-css-1v9qo5x\">Det handlar framf\u00f6rallt om ekonomin.\u00a0<\/p>\n<p class=\"hyperion-css-1v9qo5x\">USA \u00e4r Europas viktigaste handelspartner, en relation som redan satts under press med <a data-test-tag=\"internal-link\" href=\"https:\/\/www.aftonbladet.se\/tagg\/donald-trump\" class=\"hyperion-css-15jkft9\" rel=\"nofollow noopener\" target=\"\" aria-label=\"Donald Trumps\">Donald Trumps<\/a> tullar. Men det \u00e4r bara b\u00f6rjan.\u00a0<\/p>\n<p class=\"hyperion-css-1v9qo5x\">Enligt en <a aria-label=\"analys\" class=\"default hyperion-css-15jkft9\" href=\"https:\/\/proton.me\/business\/europe-tech-watch#ireland\" rel=\"noopener nofollow noreferrer\" data-test-tag=\"external-link\" target=\"_blank\">analys<\/a> av det schweiziska f\u00f6retaget Proton tidigare i \u00e5r \u00e4r 74 procent av Europas b\u00f6rsnoterade f\u00f6retag beroende av amerikanska techj\u00e4ttar f\u00f6r kritisk it-infrastruktur. I de nordiska l\u00e4nderna inklusive Sverige \u00e4r siffran \u00f6ver 90 procent.\u00a0<\/p>\n<p class=\"hyperion-css-1v9qo5x\">90 procent \u00e4r ocks\u00e5 hur stor andel av all europeisk data som lagras hos amerikanska molntj\u00e4nster som Google, <a data-test-tag=\"internal-link\" href=\"https:\/\/www.aftonbladet.se\/tagg\/microsoft\" class=\"hyperion-css-15jkft9\" rel=\"nofollow noopener\" target=\"\" aria-label=\"Microsoft\">Microsoft<\/a> och Amazon.\u00a0<\/p>\n<p class=\"hyperion-css-1v9qo5x\">Marknaden f\u00f6r sociala medier kontrolleras n\u00e4stan helt av amerikanska bolag; Facebook, Instagram, Youtube, Snapchat.\u00a0<\/p>\n<p class=\"hyperion-css-1v9qo5x\">De mest anv\u00e4nda AI-tj\u00e4nsterna som ChatGPT kommer ocks\u00e5 fr\u00e5n USA.\u00a0<\/p>\n<p class=\"hyperion-css-1v9qo5x\">V\u00e5ra mobiltelefoner drivs med operativsystem fr\u00e5n antingen Google eller <a data-test-tag=\"internal-link\" href=\"https:\/\/www.aftonbladet.se\/tagg\/apple\" class=\"hyperion-css-15jkft9\" rel=\"nofollow noopener\" target=\"\" aria-label=\"Apple\">Apple<\/a>. <\/p>\n<p class=\"hyperion-css-1v9qo5x\">En stor del av v\u00e5ra pensioner \u00e4r investerade i amerikanska tillg\u00e5ngar. <\/p>\n<p class=\"hyperion-css-1v9qo5x\">De amerikanska kortf\u00f6retagen Visa och Mastercard har \u00f6ver 90 procent av betalningsvolymen i Europa.\u00a0<\/p>\n<p>expand-left<\/p>\n<p>helsk\u00e4rm<img decoding=\"async\" class=\"image-asset hyperion-css-u06ts1\" data-test-tag=\"image-asset\" src=\"https:\/\/www.europesays.com\/se\/wp-content\/uploads\/2026\/01\/7c9626f0-5431-414e-a9cd-4b50336037e2.jpeg\"  alt=\"Erik Thed\u00e9en, Sveriges riksbankschef.\"  loading=\"eager\" fetchpriority=\"high\" style=\"aspect-ratio:1900 \/ 1267\"\/>Erik Thed\u00e9en, Sveriges riksbankschef. Foto: Malin L\u00f6vkvist<\/p>\n<p class=\"hyperion-css-1v9qo5x\"><strong>Riksbankschefen <\/strong><a data-test-tag=\"internal-link\" href=\"https:\/\/www.aftonbladet.se\/tagg\/erik-thedeen\" class=\"hyperion-css-15jkft9\" rel=\"nofollow noopener\" target=\"\"><strong>Erik Thed\u00e9en<\/strong><\/a> varnade i en <a aria-label=\"intervju\" class=\"default hyperion-css-15jkft9\" href=\"https:\/\/www.svd.se\/a\/Ard3Bj\/riksbankschef-erik-thedeen-sverige-beroende-av-visa-och-mastercard\" rel=\"noopener noreferrer nofollow\" data-test-tag=\"external-link\" target=\"_blank\">intervju<\/a> f\u00f6r att det senare \u00e4r ett beroende som inneb\u00e4r risker och att det vore bra med europeiska eller svenska alternativ.\u00a0<\/p>\n<p class=\"hyperion-css-1v9qo5x\">Den amerikanska dollarn \u00e4r den helt dominerande valutan i v\u00e4rldsekonomin och p\u00e5 finansmarknaden. Utan tillg\u00e5ng till dollar i kristider skulle svenska banker snabbt f\u00e5 problem.\u00a0<\/p>\n<p class=\"hyperion-css-1v9qo5x\">Tidigare har den amerikanska centralbanken Federal Reserve hj\u00e4lpt till men det \u00e4r ingen sj\u00e4lvklarhet n\u00e4sta g\u00e5ng.\u00a0<\/p>\n<p class=\"hyperion-css-1v9qo5x\">Vi har bokstavligen lagt en stor del av v\u00e5ra liv i USA:s h\u00e4nder.\u00a0<\/p>\n<p class=\"hyperion-css-1v9qo5x\">Det framst\u00e5r pl\u00f6tsligt som riskabelt. Och g\u00f6r Europa svagt och s\u00e5rbart. <\/p>\n<p class=\"hyperion-css-1v9qo5x\">Trumps makt \u00e4r inte evig och det kan sv\u00e4nga fort i amerikansk politik. Men det \u00e4r inget som g\u00e5r att ta ut i f\u00f6rskott.\u00a0<\/p>\n<p class=\"hyperion-css-1v9qo5x\">Det har redan tagits steg i EU f\u00f6r att minska USA-beroendet, inte minst inom it-infrastruktur. Att g\u00e5 till Kina \u00e4r f\u00f6rst\u00e5s uteslutet. <\/p>\n<p class=\"hyperion-css-1v9qo5x\">Men att bygga upp n\u00e5got som ens liknar digital sj\u00e4lvst\u00e4ndighet kommer att ta l\u00e5ng tid. <\/p>\n<p class=\"hyperion-css-1v9qo5x\">De amerikanska bolagens produkter \u00e4r ju ocks\u00e5 popul\u00e4ra av en anledning \u2013 de \u00e4r b\u00e4ttre \u00e4n alternativen.  <\/p>\n<p class=\"hyperion-css-1v9qo5x\">Det \u00e4r inte bara att kapa banden.\u00a0USA:s dominans \u00e4r ocks\u00e5 en spegling av Europas misslyckande n\u00e4r det g\u00e4ller att f\u00e5 fram egna it-bolag. <\/p>\n<p>expand-left<\/p>\n<p>helsk\u00e4rm<img decoding=\"async\" class=\"image-asset hyperion-css-u06ts1\" data-test-tag=\"image-asset\" src=\"https:\/\/www.europesays.com\/se\/wp-content\/uploads\/2026\/01\/bb33c94a-f8fd-4093-a92c-1802749bb5b2.jpeg\"  alt=\"Nvidias vd Jensen Huang vid ett m\u00f6te i Washington oktober f\u00f6rra \u00e5ret.\"  loading=\"eager\" fetchpriority=\"high\" style=\"aspect-ratio:1900 \/ 1267\"\/>Nvidias vd Jensen Huang vid ett m\u00f6te i Washington oktober f\u00f6rra \u00e5ret. Foto: Manuel Balce Ceneta \/ AP<\/p>\n<p class=\"hyperion-css-1v9qo5x\"><strong>USA sitter p\u00e5 den starkaste<\/strong> handen men Europa har ocks\u00e5 ett och annat kort i rock\u00e4rmen.\u00a0<\/p>\n<p class=\"hyperion-css-1v9qo5x\">USA:s ekonomi bygger p\u00e5 att landet kan l\u00e5na pengar och Europa \u00e4r<a data-test-tag=\"internal-link\" href=\"https:\/\/www.aftonbladet.se\/nyheter\/kolumnister\/a\/8qLeqG\/andreas-cervenka-omvarldens-hallhake-pa-trump-pengar\" class=\"hyperion-css-15jkft9\" rel=\"nofollow noopener\" target=\"\" aria-label=\" stora k\u00f6pare \"> stora k\u00f6pare <\/a>av amerikanska statspapper.\u00a0<\/p>\n<p class=\"hyperion-css-1v9qo5x\">Och det holl\u00e4ndska bolaget ASML har<a aria-label=\" v\u00e4rldsmonopol\" class=\"default hyperion-css-15jkft9\" href=\"https:\/\/consent.yahoo.com\/v2\/collectConsent?sessionId=3_cc-session_ed18d662-f4cf-4c3a-ab8a-030bf34741c4\" rel=\"noopener nofollow noreferrer\" data-test-tag=\"external-link\" target=\"_blank\"> v\u00e4rldsmonopol<\/a> p\u00e5 utrustning f\u00f6r tillverkning av mikrochip. Om exporten till USA skulle stoppas skulle Nvidia inte kunna leverera sina chip, AI-boomen tv\u00e4rstanna och dra med sig b\u00e5de b\u00f6rsen och USA:s ekonomi.\u00a0<\/p>\n<p class=\"hyperion-css-1v9qo5x\">ASML beskrivs som Europas <a aria-label=\"\u201chemliga vapen\" class=\"default hyperion-css-15jkft9\" href=\"https:\/\/www.theguardian.com\/commentisfree\/2025\/dec\/17\/europe-donald-trump-ai-bubble-us-economy-eu\" rel=\"noopener nofollow noreferrer\" data-test-tag=\"external-link\" target=\"_blank\">\u201chemliga vapen<\/a>\u201d i en artikel i Guardian av Johnny Ryan, en irl\u00e4ndsk it-expert p\u00e5 organisationen Enforce som vill minska techj\u00e4ttarnas makt. <\/p>\n<p class=\"hyperion-css-1v9qo5x\">Att utl\u00f6sa detta vapen skulle dock sl\u00e5 h\u00e5rt \u00e4ven mot Europa.\u00a0<\/p>\n<p class=\"hyperion-css-1v9qo5x\">Att ens prata i termer av farligt USA-beroende och ekonomisk krigf\u00f6ring hade f\u00f6r inte l\u00e4nge sedan framst\u00e5tt som l\u00e4tt sinnesrubbat.\u00a0<\/p>\n<p class=\"hyperion-css-1v9qo5x\">Och f\u00f6rhoppningsvis kan konflikten om Gr\u00f6nland l\u00f6sas p\u00e5 diplomatisk v\u00e4g.\u00a0<\/p>\n<p class=\"hyperion-css-1v9qo5x\">Men klart \u00e4r att scenarier som tidigare var helt ot\u00e4nkbara nu i allra h\u00f6gsta grad \u00e4r m\u00f6jliga. <\/p>\n<p class=\"hyperion-css-1v9qo5x\">Att blunda f\u00f6r det \u00e4r att leva kvar i f\u00f6rnekelse.\u00a0<\/p>\n","protected":false},"excerpt":{"rendered":"Publicerad 2026-01-09 07.21 share-arrowDela unsaveSpara expand-left helsk\u00e4rmTrump har f\u00f6r\u00e4ndrat l\u00e4get \u2013 det gamla USA finns inte l\u00e4ngre. Foto:&hellip;\n","protected":false},"author":2,"featured_media":131371,"comment_status":"","ping_status":"","sticky":false,"template":"","format":"standard","meta":{"footnotes":""},"categories":[5],"tags":[22,23,26,27,17,21,24,25,28,29,15,16,18,34,31,33,32,30,19,20],"class_list":{"0":"post-131370","1":"post","2":"type-post","3":"status-publish","4":"format-standard","5":"has-post-thumbnail","7":"category-rubriker","8":"tag-breaking-news","9":"tag-breakingnews","10":"tag-featured-news","11":"tag-featurednews","12":"tag-headlines","13":"tag-huvudnyheter","14":"tag-latest-news","15":"tag-latestnews","16":"tag-main-news","17":"tag-mainnews","18":"tag-news","19":"tag-nyheter","20":"tag-rubriker","21":"tag-se","22":"tag-svenska","23":"tag-sverige","24":"tag-sweden","25":"tag-swedish","26":"tag-top-stories","27":"tag-topstories"},"share_on_mastodon":{"url":"https:\/\/pubeurope.com\/@se\/115870201509099502","error":""},"_links":{"self":[{"href":"https:\/\/www.europesays.com\/se\/wp-json\/wp\/v2\/posts\/131370","targetHints":{"allow":["GET"]}}],"collection":[{"href":"https:\/\/www.europesays.com\/se\/wp-json\/wp\/v2\/posts"}],"about":[{"href":"https:\/\/www.europesays.com\/se\/wp-json\/wp\/v2\/types\/post"}],"author":[{"embeddable":true,"href":"https:\/\/www.europesays.com\/se\/wp-json\/wp\/v2\/users\/2"}],"replies":[{"embeddable":true,"href":"https:\/\/www.europesays.com\/se\/wp-json\/wp\/v2\/comments?post=131370"}],"version-history":[{"count":0,"href":"https:\/\/www.europesays.com\/se\/wp-json\/wp\/v2\/posts\/131370\/revisions"}],"wp:featuredmedia":[{"embeddable":true,"href":"https:\/\/www.europesays.com\/se\/wp-json\/wp\/v2\/media\/131371"}],"wp:attachment":[{"href":"https:\/\/www.europesays.com\/se\/wp-json\/wp\/v2\/media?parent=131370"}],"wp:term":[{"taxonomy":"category","embeddable":true,"href":"https:\/\/www.europesays.com\/se\/wp-json\/wp\/v2\/categories?post=131370"},{"taxonomy":"post_tag","embeddable":true,"href":"https:\/\/www.europesays.com\/se\/wp-json\/wp\/v2\/tags?post=131370"}],"curies":[{"name":"wp","href":"https:\/\/api.w.org\/{rel}","templated":true}]}}