{"id":131379,"date":"2026-01-10T10:12:07","date_gmt":"2026-01-10T10:12:07","guid":{"rendered":"https:\/\/www.europesays.com\/se\/131379\/"},"modified":"2026-01-10T10:12:07","modified_gmt":"2026-01-10T10:12:07","slug":"forsta-matchen-efter-uppehallet-nar-norsjo-moter-hasthagen","status":"publish","type":"post","link":"https:\/\/www.europesays.com\/se\/131379\/","title":{"rendered":"F\u00f6rsta matchen efter uppeh\u00e5llet n\u00e4r Norsj\u00f6 m\u00f6ter H\u00e4sthagen"},"content":{"rendered":"<p> H\u00e4sthagen har inf\u00f6r matchen en vinstsvit p\u00e5 tre segrar i rad. Norsj\u00f6 f\u00f6rlorade sin senaste match med 1-3 mot IKSU.F\u00f6rra m\u00f6tet lagen emellan slutade med seger p\u00e5 bortaplan f\u00f6r Norsj\u00f6, med 3-0.H\u00e4sthagen \u00e4r starka p\u00e5 bortaplan och har tre segrar p\u00e5 senaste fem bortamatcherna.Efter den h\u00e4r matchen m\u00f6ter Norsj\u00f6 St\u00f6cke (hemma) 24 januari, Vallentuna (borta) 7 februari och <\/p>\n","protected":false},"excerpt":{"rendered":"H\u00e4sthagen har inf\u00f6r matchen en vinstsvit p\u00e5 tre segrar i rad. Norsj\u00f6 f\u00f6rlorade sin senaste match med 1-3&hellip;\n","protected":false},"author":2,"featured_media":16712,"comment_status":"","ping_status":"","sticky":false,"template":"","format":"standard","meta":{"footnotes":""},"categories":[68],"tags":[34,111,110,31,33,32,30],"class_list":{"0":"post-131379","1":"post","2":"type-post","3":"status-publish","4":"format-standard","5":"has-post-thumbnail","7":"category-sport","8":"tag-se","9":"tag-sport","10":"tag-sports","11":"tag-svenska","12":"tag-sverige","13":"tag-sweden","14":"tag-swedish"},"share_on_mastodon":{"url":"https:\/\/pubeurope.com\/@se\/115870272244172670","error":""},"_links":{"self":[{"href":"https:\/\/www.europesays.com\/se\/wp-json\/wp\/v2\/posts\/131379","targetHints":{"allow":["GET"]}}],"collection":[{"href":"https:\/\/www.europesays.com\/se\/wp-json\/wp\/v2\/posts"}],"about":[{"href":"https:\/\/www.europesays.com\/se\/wp-json\/wp\/v2\/types\/post"}],"author":[{"embeddable":true,"href":"https:\/\/www.europesays.com\/se\/wp-json\/wp\/v2\/users\/2"}],"replies":[{"embeddable":true,"href":"https:\/\/www.europesays.com\/se\/wp-json\/wp\/v2\/comments?post=131379"}],"version-history":[{"count":0,"href":"https:\/\/www.europesays.com\/se\/wp-json\/wp\/v2\/posts\/131379\/revisions"}],"wp:featuredmedia":[{"embeddable":true,"href":"https:\/\/www.europesays.com\/se\/wp-json\/wp\/v2\/media\/16712"}],"wp:attachment":[{"href":"https:\/\/www.europesays.com\/se\/wp-json\/wp\/v2\/media?parent=131379"}],"wp:term":[{"taxonomy":"category","embeddable":true,"href":"https:\/\/www.europesays.com\/se\/wp-json\/wp\/v2\/categories?post=131379"},{"taxonomy":"post_tag","embeddable":true,"href":"https:\/\/www.europesays.com\/se\/wp-json\/wp\/v2\/tags?post=131379"}],"curies":[{"name":"wp","href":"https:\/\/api.w.org\/{rel}","templated":true}]}}