{"id":131380,"date":"2026-01-10T10:14:15","date_gmt":"2026-01-10T10:14:15","guid":{"rendered":"https:\/\/www.europesays.com\/se\/131380\/"},"modified":"2026-01-10T10:14:15","modified_gmt":"2026-01-10T10:14:15","slug":"ikea-gor-varmblixt-lamporna-smarta-med-stod-for-matter","status":"publish","type":"post","link":"https:\/\/www.europesays.com\/se\/131380\/","title":{"rendered":"Ikea g\u00f6r Varmblixt-lamporna smarta \u2013 med st\u00f6d f\u00f6r Matter"},"content":{"rendered":"<p>Ikea uppgraderar nu tv\u00e5 av sina mer uppseendev\u00e4ckande lampor ur Varmblixt-serien med smarta funktioner och st\u00f6d f\u00f6r standarden Matter.<\/p>\n<p>De nya versionerna av den donutformade bord- och v\u00e4gglampan samt den U-formade pendellampan kan styras via fj\u00e4rrkontrollen Bilresa, r\u00f6stassistenter som Alexa, Siri och Gemini, eller i Ikea Home Smart-appen, d\u00e4r man f\u00e5r tillg\u00e5ng till \u00f6ver 40 f\u00e4rger samt justering av ljusstyrka och ton.<\/p>\n<p>Lamporna \u00e4r framtagna i samarbete med den nederl\u00e4ndska designern Sabine Marcelis och f\u00e5r 12 f\u00f6rinst\u00e4llda f\u00e4rgl\u00e4gen, fr\u00e5n varmvitt till turkos och rosa.<\/p>\n<p>De smarta Varmblixt-lamporna lanseras i april 2026. Svensk prisuppgift saknas f\u00f6r stunden men i USA ligger de p\u00e5 99,99 dollar (cirka 920 kronor) f\u00f6r donutlampan och 149,99 dollar (cirka 1380 kronor) f\u00f6r pendellampan.<\/p>\n<p><img decoding=\"async\" data-wp-class--hide=\"state.isContentHidden\" data-wp-class--show=\"state.isContentVisible\" data-wp-init=\"callbacks.setButtonStyles\" data-wp-on-async--click=\"actions.showLightbox\" data-wp-on-async--load=\"callbacks.setButtonStyles\" data-wp-on-async-window--resize=\"callbacks.setButtonStyles\" src=\"https:\/\/www.europesays.com\/se\/wp-content\/uploads\/2026\/01\/Ikea-Varmblixt-pendel.jpg\" alt=\"Ikea Varmblixt pendel\" class=\"wp-image-3028893\"  width=\"1024\" height=\"682\"  loading=\"lazy\"\/><\/p>\n<p class=\"imageCredit\">Ikea<\/p>\n","protected":false},"excerpt":{"rendered":"Ikea uppgraderar nu tv\u00e5 av sina mer uppseendev\u00e4ckande lampor ur Varmblixt-serien med smarta funktioner och st\u00f6d f\u00f6r standarden&hellip;\n","protected":false},"author":2,"featured_media":131381,"comment_status":"","ping_status":"","sticky":false,"template":"","format":"standard","meta":{"footnotes":""},"categories":[66],"tags":[80,78,79,34,31,33,32,30,81,84,83,82],"class_list":{"0":"post-131380","1":"post","2":"type-post","3":"status-publish","4":"format-standard","5":"has-post-thumbnail","7":"category-vetenskap-och-teknik","8":"tag-science","9":"tag-science-and-technology","10":"tag-scienceandtechnology","11":"tag-se","12":"tag-svenska","13":"tag-sverige","14":"tag-sweden","15":"tag-swedish","16":"tag-technology","17":"tag-teknik","18":"tag-vetenskap","19":"tag-vetenskapteknik"},"share_on_mastodon":{"url":"https:\/\/pubeurope.com\/@se\/115870280117354443","error":""},"_links":{"self":[{"href":"https:\/\/www.europesays.com\/se\/wp-json\/wp\/v2\/posts\/131380","targetHints":{"allow":["GET"]}}],"collection":[{"href":"https:\/\/www.europesays.com\/se\/wp-json\/wp\/v2\/posts"}],"about":[{"href":"https:\/\/www.europesays.com\/se\/wp-json\/wp\/v2\/types\/post"}],"author":[{"embeddable":true,"href":"https:\/\/www.europesays.com\/se\/wp-json\/wp\/v2\/users\/2"}],"replies":[{"embeddable":true,"href":"https:\/\/www.europesays.com\/se\/wp-json\/wp\/v2\/comments?post=131380"}],"version-history":[{"count":0,"href":"https:\/\/www.europesays.com\/se\/wp-json\/wp\/v2\/posts\/131380\/revisions"}],"wp:featuredmedia":[{"embeddable":true,"href":"https:\/\/www.europesays.com\/se\/wp-json\/wp\/v2\/media\/131381"}],"wp:attachment":[{"href":"https:\/\/www.europesays.com\/se\/wp-json\/wp\/v2\/media?parent=131380"}],"wp:term":[{"taxonomy":"category","embeddable":true,"href":"https:\/\/www.europesays.com\/se\/wp-json\/wp\/v2\/categories?post=131380"},{"taxonomy":"post_tag","embeddable":true,"href":"https:\/\/www.europesays.com\/se\/wp-json\/wp\/v2\/tags?post=131380"}],"curies":[{"name":"wp","href":"https:\/\/api.w.org\/{rel}","templated":true}]}}