{"id":131382,"date":"2026-01-10T10:16:06","date_gmt":"2026-01-10T10:16:06","guid":{"rendered":"https:\/\/www.europesays.com\/se\/131382\/"},"modified":"2026-01-10T10:16:06","modified_gmt":"2026-01-10T10:16:06","slug":"usa-lamnar-klimatets-ramverk-ett-svek-mot-det-globala-ansvaret","status":"publish","type":"post","link":"https:\/\/www.europesays.com\/se\/131382\/","title":{"rendered":"USA l\u00e4mnar klimatets ramverk \u2013 ett svek mot det globala ansvaret"},"content":{"rendered":"<p>\n                    Demonstranter, maskerade som Donald Trump och Argentinas president Javier Milei, borrar i jorden under COP30. Foto: Andre Penne\/AP\/TT\n            <\/p>\n<p class=\"article__sublead\">Det \u00e4r inte bara klimatet som Trump l\u00e4mnar \u00e5t sitt \u00f6de n\u00e4r USA l\u00e4mnar FN:s klimatkonvention. Det \u00e4r ocks\u00e5 id\u00e9n om samarbete \u00f6ver gr\u00e4nserna f\u00f6r att l\u00f6sa v\u00e4rldens problem \u2013 och den har vi inte r\u00e5d att f\u00f6rlora, skriver Mikael Bertilsson.<\/p>\n<p class=\"article__paragraph\"><strong>DEBATT. <\/strong>N\u00e4r v\u00e4rldens m\u00e4ktigaste stat som f\u00f6rsta land l\u00e4mnar FN:s klimatkonvention handlar det inte bara om klimatpolitik. Det \u00e4r ett avst\u00e5ndstagande fr\u00e5n gemensamt ansvar, internationell solidaritet och den v\u00e4rldsordning som kr\u00e4vs f\u00f6r att m\u00f6ta klimatkrisen.<\/p>\n<p class=\"article__paragraph\"><strong>USA har nu blivit<\/strong> det f\u00f6rsta landet i v\u00e4rlden som l\u00e4mnar FN:s klimatkonvention, UNFCCC. Beslutet, som fattats genom direktiv fr\u00e5n president Donald Trump, inneb\u00e4r att USA inte bara drar sig ur enskilda klimat\u00e5taganden, utan l\u00e4mnar sj\u00e4lva ramverket f\u00f6r det internationella klimatsamarbetet. Det \u00e4r ett historiskt och djupt allvarligt steg \u2013 inte bara f\u00f6r klimatpolitiken, utan f\u00f6r den globala v\u00e4rldsordningen.<\/p>\n<p class=\"article__paragraph\">UNFCCC \u00e4r inte \u201d\u00e4nnu ett klimatavtal\u201d. Det \u00e4r grunden f\u00f6r hela det internationella system som sedan 1990-talet har burit klimatf\u00f6rhandlingarna, inklusive de \u00e5rliga COP-m\u00f6tena och \u00f6verenskommelser som Parisavtalet. N\u00e4r USA nu l\u00e4mnar detta ramverk signalerar man att gemensamt ansvar, vetenskaplig samverkan och internationell solidaritet inte l\u00e4ngre \u00e4r v\u00e4gledande principer.<\/p>\n<p class=\"article__paragraph\">Att Trumpadministrationen redan tidigare l\u00e4mnat Parisavtalet var ett h\u00e5rt slag mot det globala klimatarbetet. Men att helt l\u00e4mna UNFCCC \u00e4r n\u00e5got annat. Det \u00e4r ett aktivt avst\u00e5ndstagande fr\u00e5n id\u00e9n om att klimatkrisen kr\u00e4ver gemensamma l\u00f6sningar. Det s\u00e4nder en signal till omv\u00e4rlden att den stat som historiskt st\u00e5tt f\u00f6r en oproportionerligt stor del av de globala utsl\u00e4ppen inte l\u00e4ngre anser sig ha n\u00e5got s\u00e4rskilt ansvar.<\/p>\n<p class=\"article__paragraph\"><strong>Konsekvenserna riskerar att bli<\/strong> l\u00e5ngtg\u00e5ende. N\u00e4r v\u00e4rldens m\u00e4ktigaste ekonomi kliver av det multilaterala klimatsamarbetet f\u00f6rsvagas b\u00e5de legitimiteten och drivkraften i f\u00f6rhandlingarna. Andra l\u00e4nder kan lockas att s\u00e4nka sina ambitioner, skjuta upp \u00e5tg\u00e4rder eller helt enkelt g\u00f6mma sig bakom USA:s retr\u00e4tt. Klimatpolitiken blir mer fragmenterad, mer os\u00e4ker och mindre f\u00f6ruts\u00e4gbar \u2013 precis det motsatta till vad forskningen visar beh\u00f6vs.<\/p>\n<p class=\"article__paragraph\">Beslutet har ocks\u00e5 en tydlig r\u00e4ttvise- och maktdimension. Klimatf\u00f6r\u00e4ndringarna drabbar redan i dag m\u00e4nniskor i det globala syd h\u00e5rdast \u2013 trots att de bidragit minst till utsl\u00e4ppen. N\u00e4r USA l\u00e4mnar UNFCCC f\u00f6rsvagas ocks\u00e5 mekanismerna f\u00f6r klimatfinansiering, ansvarstagande och st\u00f6d till de l\u00e4nder som redan lever med konsekvenserna av en kris de inte orsakat. Det \u00e4r ett svek mot principen om klimatr\u00e4ttvisa.<\/p>\n<p class=\"article__paragraph\">Flera forskare har pekat p\u00e5 att beslutet vittnar om ett f\u00f6rakt f\u00f6r internationell r\u00e4tt och vetenskapligt grundad politik. Det handlar inte bara om klimatf\u00f6rnekelse, utan om en bredare politisk linje d\u00e4r multilaterala institutioner ses som hinder snarare \u00e4n n\u00f6dv\u00e4ndiga verktyg. I en tid d\u00e5 globala problem kr\u00e4ver gemensam styrning v\u00e4ljer USA att g\u00e5 i motsatt riktning.<\/p>\n<p class=\"article__paragraph\"><strong>Detta st\u00e4ller ocks\u00e5 krav<\/strong> p\u00e5 Europa och Sverige. USA:s retr\u00e4tt f\u00e5r inte bli en urs\u00e4kt f\u00f6r passivitet. Tv\u00e4rtom m\u00e5ste andra l\u00e4nder nu visa att det internationella klimatsamarbetet inte st\u00e5r och faller med en enda akt\u00f6r. Det kr\u00e4ver st\u00e4rkt klimatfinansiering, tydligare \u00e5taganden och ett fortsatt f\u00f6rsvar av FN-baserade institutioner.<\/p>\n<p class=\"article__paragraph\">Klimatkrisen \u00e4r inte bara en milj\u00f6fr\u00e5ga. Den \u00e4r en fr\u00e5ga om demokrati, ansvar och vilken sorts v\u00e4rld vi vill leva i. N\u00e4r USA l\u00e4mnar klimatets ramverk l\u00e4mnar man inte bara ett avtal \u2013 man l\u00e4mnar id\u00e9n om gemensamt globalt ansvar. Det \u00e4r ett val som v\u00e4rlden inte har r\u00e5d att normalisera.<\/p>\n","protected":false},"excerpt":{"rendered":"Demonstranter, maskerade som Donald Trump och Argentinas president Javier Milei, borrar i jorden under COP30. Foto: Andre Penne\/AP\/TT&hellip;\n","protected":false},"author":2,"featured_media":131383,"comment_status":"","ping_status":"","sticky":false,"template":"","format":"standard","meta":{"footnotes":""},"categories":[14],"tags":[22,23,26,27,17,21,24,25,28,29,15,16,18,34,31,33,32,30,19,20,51,52,53,54],"class_list":{"0":"post-131382","1":"post","2":"type-post","3":"status-publish","4":"format-standard","5":"has-post-thumbnail","7":"category-varlden","8":"tag-breaking-news","9":"tag-breakingnews","10":"tag-featured-news","11":"tag-featurednews","12":"tag-headlines","13":"tag-huvudnyheter","14":"tag-latest-news","15":"tag-latestnews","16":"tag-main-news","17":"tag-mainnews","18":"tag-news","19":"tag-nyheter","20":"tag-rubriker","21":"tag-se","22":"tag-svenska","23":"tag-sverige","24":"tag-sweden","25":"tag-swedish","26":"tag-top-stories","27":"tag-topstories","28":"tag-varlden","29":"tag-world","30":"tag-world-news","31":"tag-worldnews"},"share_on_mastodon":{"url":"https:\/\/pubeurope.com\/@se\/115870288031042342","error":""},"_links":{"self":[{"href":"https:\/\/www.europesays.com\/se\/wp-json\/wp\/v2\/posts\/131382","targetHints":{"allow":["GET"]}}],"collection":[{"href":"https:\/\/www.europesays.com\/se\/wp-json\/wp\/v2\/posts"}],"about":[{"href":"https:\/\/www.europesays.com\/se\/wp-json\/wp\/v2\/types\/post"}],"author":[{"embeddable":true,"href":"https:\/\/www.europesays.com\/se\/wp-json\/wp\/v2\/users\/2"}],"replies":[{"embeddable":true,"href":"https:\/\/www.europesays.com\/se\/wp-json\/wp\/v2\/comments?post=131382"}],"version-history":[{"count":0,"href":"https:\/\/www.europesays.com\/se\/wp-json\/wp\/v2\/posts\/131382\/revisions"}],"wp:featuredmedia":[{"embeddable":true,"href":"https:\/\/www.europesays.com\/se\/wp-json\/wp\/v2\/media\/131383"}],"wp:attachment":[{"href":"https:\/\/www.europesays.com\/se\/wp-json\/wp\/v2\/media?parent=131382"}],"wp:term":[{"taxonomy":"category","embeddable":true,"href":"https:\/\/www.europesays.com\/se\/wp-json\/wp\/v2\/categories?post=131382"},{"taxonomy":"post_tag","embeddable":true,"href":"https:\/\/www.europesays.com\/se\/wp-json\/wp\/v2\/tags?post=131382"}],"curies":[{"name":"wp","href":"https:\/\/api.w.org\/{rel}","templated":true}]}}