{"id":131386,"date":"2026-01-10T10:20:09","date_gmt":"2026-01-10T10:20:09","guid":{"rendered":"https:\/\/www.europesays.com\/se\/131386\/"},"modified":"2026-01-10T10:20:09","modified_gmt":"2026-01-10T10:20:09","slug":"jesse-ylonen-klar-for-orebro-shl","status":"publish","type":"post","link":"https:\/\/www.europesays.com\/se\/131386\/","title":{"rendered":"Jesse Yl\u00f6nen klar f\u00f6r \u00d6rebro | SHL"},"content":{"rendered":"<p>Publicerad 10 jan 2026 kl 09.00Uppdaterad kl 10.33<\/p>\n<p>Jesse Yl\u00f6nen l\u00e4mnade under fredagen Djurg\u00e5rden.<\/p>\n<p>Nu \u00e4r forwarden klar f\u00f6r SHL-konkurrenten \u00d6rebro.<\/p>\n<p>\u2013 Det finns en stor potential i hans spel, s\u00e4ger Henrik L\u00f6wdahl, sportchef.<\/p>\n<p><img   alt=\"\"\/><\/p>\n<p>Jesse Yl\u00f6nen forts\u00e4tter i Sverige.<\/p>\n<p>Foto: MAXIM THORE \/ BILDBYR\u00c5N<\/p>\n<p>\u00d6ppna bild i helsk\u00e4rm<\/p>\n<p>Finl\u00e4ndaren Jesse Yl\u00f6nen v\u00e4rvades till Djurg\u00e5rden den h\u00e4r s\u00e4songen men har haft sv\u00e5rt att ta en plats i truppen.<\/p>\n<p>Under fredagen meddelande Stockholmsklubben ocks\u00e5 att parterna valt att g\u00e5 skilda v\u00e4gar, trots ett tv\u00e5\u00e5rskontrakt.<\/p>\n<p>Men den 26-\u00e5rige forwarden har redan gjort klart med en ny klubb i SHL.<\/p>\n<p>Expressen kunde under l\u00f6rdagen avsl\u00f6ja att Yl\u00f6nen nu forts\u00e4tter s\u00e4songen i \u00d6rebro, som ocks\u00e5 plockade in Kalle Miketinac tidigare i veckan.<\/p>\n<p>\u201dFinns en stor potential\u201d<\/p>\n<p>Senare under f\u00f6rmiddagen offentliggjordes v\u00e4rvningen.<\/p>\n<p>\u2013 Vi har f\u00f6rt en dialog med Jesse under en tid och det k\u00e4nns j\u00e4ttebra att kunna v\u00e4lkomna honom till \u00d6rebro. I Jesse f\u00e5r vi in offensivt skicklig spelare som kommer spetsa till v\u00e5rt lag. Det finns en stor potential i hans spel och vi hoppas att han ska komma till sin fulla r\u00e4tt h\u00e4r hos oss, s\u00e4ger Henrik L\u00f6wdahl, sportchef i \u00d6rebro.<\/p>\n<p>Forwarden ansluter till laget direkt.<\/p>\n<p>Yl\u00f6nen stod f\u00f6r sju po\u00e4ng p\u00e5 24 matcher i Djurg\u00e5rden och ansluter allts\u00e5 till \u00d6rebro som just nu ligger p\u00e5 tolfte plats i SHL-tabellen, precis ovanf\u00f6r kvalstrecket.<\/p>\n<p>Yl\u00f6nen har fyra s\u00e4songer i Nordamerika bakom sig, med spel i bland annat NHL och Montr\u00e9al Canadians.\u00a0<\/p>\n","protected":false},"excerpt":{"rendered":"Publicerad 10 jan 2026 kl 09.00Uppdaterad kl 10.33 Jesse Yl\u00f6nen l\u00e4mnade under fredagen Djurg\u00e5rden. Nu \u00e4r forwarden klar&hellip;\n","protected":false},"author":2,"featured_media":131387,"comment_status":"","ping_status":"","sticky":false,"template":"","format":"standard","meta":{"footnotes":""},"categories":[68],"tags":[814,2559,34,255,823,111,110,31,33,32,30],"class_list":{"0":"post-131386","1":"post","2":"type-post","3":"status-publish","4":"format-standard","5":"has-post-thumbnail","7":"category-sport","8":"tag-organization-djurgarden-hockey","9":"tag-organization-orebro-hockey","10":"tag-se","11":"tag-sections-ishockey","12":"tag-sections-shl","13":"tag-sport","14":"tag-sports","15":"tag-svenska","16":"tag-sverige","17":"tag-sweden","18":"tag-swedish"},"share_on_mastodon":{"url":"https:\/\/pubeurope.com\/@se\/115870303703872891","error":""},"_links":{"self":[{"href":"https:\/\/www.europesays.com\/se\/wp-json\/wp\/v2\/posts\/131386","targetHints":{"allow":["GET"]}}],"collection":[{"href":"https:\/\/www.europesays.com\/se\/wp-json\/wp\/v2\/posts"}],"about":[{"href":"https:\/\/www.europesays.com\/se\/wp-json\/wp\/v2\/types\/post"}],"author":[{"embeddable":true,"href":"https:\/\/www.europesays.com\/se\/wp-json\/wp\/v2\/users\/2"}],"replies":[{"embeddable":true,"href":"https:\/\/www.europesays.com\/se\/wp-json\/wp\/v2\/comments?post=131386"}],"version-history":[{"count":0,"href":"https:\/\/www.europesays.com\/se\/wp-json\/wp\/v2\/posts\/131386\/revisions"}],"wp:featuredmedia":[{"embeddable":true,"href":"https:\/\/www.europesays.com\/se\/wp-json\/wp\/v2\/media\/131387"}],"wp:attachment":[{"href":"https:\/\/www.europesays.com\/se\/wp-json\/wp\/v2\/media?parent=131386"}],"wp:term":[{"taxonomy":"category","embeddable":true,"href":"https:\/\/www.europesays.com\/se\/wp-json\/wp\/v2\/categories?post=131386"},{"taxonomy":"post_tag","embeddable":true,"href":"https:\/\/www.europesays.com\/se\/wp-json\/wp\/v2\/tags?post=131386"}],"curies":[{"name":"wp","href":"https:\/\/api.w.org\/{rel}","templated":true}]}}