{"id":131388,"date":"2026-01-10T10:22:07","date_gmt":"2026-01-10T10:22:07","guid":{"rendered":"https:\/\/www.europesays.com\/se\/131388\/"},"modified":"2026-01-10T10:22:07","modified_gmt":"2026-01-10T10:22:07","slug":"vi-forutspadde-de-tunna-mobilernas-genomslag-2025-sa-gick-det","status":"publish","type":"post","link":"https:\/\/www.europesays.com\/se\/131388\/","title":{"rendered":"Vi f\u00f6rutsp\u00e5dde de tunna mobilernas genomslag 2025 \u2013 S\u00e5 gick det"},"content":{"rendered":"<p>    Vi sa: Tunna mobiler g\u00f6r comeback<\/p>\n<p>S\u00e5 blev det:\u00a0Precis som f\u00e4rre sm\u00e5 mobiler var det ingen v\u00e5gad gissning att tunna mobiler skulle bli en grej 2025. Tecknen var tydliga i form av l\u00e4ckor och framf\u00f6rallt Samsung spurtade f\u00f6r att hinna f\u00f6re Apples Iphone Air och det lyckades de med. Till f\u00e5 anv\u00e4ndares gl\u00e4dje, som det verkar. F\u00f6r tunna mobiler har av allt att d\u00f6ma varit en ordentlig flopp. Ingen mobiltillverkare \u00e4r pigg p\u00e5 att ge uppm\u00e4rksamhet till sina egna fiaskon, men uppgifter pekar p\u00e5 att Samsung t\u00e4nkte inkludera en tunn S26 Edge i S26-familjen men skrotade de planerna efter l\u00e5g efterfr\u00e5gan p\u00e5 S25 Edge. Apple uppges ha dragit ner produktionen rej\u00e4lt av Iphone Air efter blygsam efterfr\u00e5gan och n\u00e4r Motorola sedan lanserade Edge 70 och Huawei Mate 70 Air var s\u00e5 att s\u00e4ga fiaskost\u00e4mpeln redan tydlig. Nu ska flera tillverkare, som Oppo, Vivo och Xiaomi ha skrinlagt sina planer p\u00e5 att sj\u00e4lva sl\u00e4ppa telefoner i liknande format.\u00a0<\/p>\n<p>Ett omr\u00e5de d\u00e4r tunna m\u00e5tt gjort skillnad \u00e4r d\u00e4remot vikbara mobiler, med Honor Magic V5 och Samsung Galaxy Z Fold 7 som tydligaste exempel.<\/p>\n<p><a href=\"https:\/\/www.mobil.se\/reportage\/mobil-forutsager-mobilaret-2025\/1599326\" target=\"_blank\" rel=\"nofollow noopener\">Redaktionens f\u00f6ruts\u00e4gelser om 2025, publicerade 2024 hittar du i sin helhet h\u00e4r.<\/a><\/p>\n<p> Det h\u00e4r \u00e4r ett utdrag ur en l\u00e4ngre\u00a0artikel d\u00e4r vi j\u00e4mf\u00f6rde v\u00e5ra f\u00f6ruts\u00e4gelser inf\u00f6r 2025 med utfallet. Artikeln publicerades tidigare i sin helhet exklusivt f\u00f6r Plus-medlemmar p\u00e5 Mobil.se.\u00a0<a href=\"https:\/\/www.mobil.se\/plus\" rel=\"nofollow noopener\" target=\"_blank\">H\u00e4r kan du bli Plus-medlem<\/a>\u00a0och d\u00e4rmed f\u00e5 direkt tillg\u00e5ng till alla artiklar p\u00e5 Mobil.se. Som plusmedlem s\u00e5 f\u00e5r du samlade tips och m\u00e5nga andra f\u00f6rdjupande, v\u00e4gledande artiklar. Hela den ursprungliga artikeln hittar du\u00a0<a href=\"https:\/\/www.mobil.se\/reportage\/mobilredaktionen-spadde-2025-sa-raett-och-fel-hade-vi\/1664300\" target=\"_blank\" rel=\"nofollow noopener\">h\u00e4r<\/a>. <\/p>\n","protected":false},"excerpt":{"rendered":"Vi sa: Tunna mobiler g\u00f6r comeback S\u00e5 blev det:\u00a0Precis som f\u00e4rre sm\u00e5 mobiler var det ingen v\u00e5gad gissning&hellip;\n","protected":false},"author":2,"featured_media":76128,"comment_status":"","ping_status":"","sticky":false,"template":"","format":"standard","meta":{"footnotes":""},"categories":[66],"tags":[80,78,79,34,31,33,32,30,81,84,83,82],"class_list":{"0":"post-131388","1":"post","2":"type-post","3":"status-publish","4":"format-standard","5":"has-post-thumbnail","7":"category-vetenskap-och-teknik","8":"tag-science","9":"tag-science-and-technology","10":"tag-scienceandtechnology","11":"tag-se","12":"tag-svenska","13":"tag-sverige","14":"tag-sweden","15":"tag-swedish","16":"tag-technology","17":"tag-teknik","18":"tag-vetenskap","19":"tag-vetenskapteknik"},"share_on_mastodon":{"url":"https:\/\/pubeurope.com\/@se\/115870311571349013","error":""},"_links":{"self":[{"href":"https:\/\/www.europesays.com\/se\/wp-json\/wp\/v2\/posts\/131388","targetHints":{"allow":["GET"]}}],"collection":[{"href":"https:\/\/www.europesays.com\/se\/wp-json\/wp\/v2\/posts"}],"about":[{"href":"https:\/\/www.europesays.com\/se\/wp-json\/wp\/v2\/types\/post"}],"author":[{"embeddable":true,"href":"https:\/\/www.europesays.com\/se\/wp-json\/wp\/v2\/users\/2"}],"replies":[{"embeddable":true,"href":"https:\/\/www.europesays.com\/se\/wp-json\/wp\/v2\/comments?post=131388"}],"version-history":[{"count":0,"href":"https:\/\/www.europesays.com\/se\/wp-json\/wp\/v2\/posts\/131388\/revisions"}],"wp:featuredmedia":[{"embeddable":true,"href":"https:\/\/www.europesays.com\/se\/wp-json\/wp\/v2\/media\/76128"}],"wp:attachment":[{"href":"https:\/\/www.europesays.com\/se\/wp-json\/wp\/v2\/media?parent=131388"}],"wp:term":[{"taxonomy":"category","embeddable":true,"href":"https:\/\/www.europesays.com\/se\/wp-json\/wp\/v2\/categories?post=131388"},{"taxonomy":"post_tag","embeddable":true,"href":"https:\/\/www.europesays.com\/se\/wp-json\/wp\/v2\/tags?post=131388"}],"curies":[{"name":"wp","href":"https:\/\/api.w.org\/{rel}","templated":true}]}}