{"id":131393,"date":"2026-01-10T10:25:17","date_gmt":"2026-01-10T10:25:17","guid":{"rendered":"https:\/\/www.europesays.com\/se\/131393\/"},"modified":"2026-01-10T10:25:17","modified_gmt":"2026-01-10T10:25:17","slug":"psykiatrin-kan-inte-agera-utifran-misstankar","status":"publish","type":"post","link":"https:\/\/www.europesays.com\/se\/131393\/","title":{"rendered":"\u201dPsykiatrin kan inte agera utifr\u00e5n misstankar\u201d"},"content":{"rendered":"<p>share-arrowDela<\/p>\n<p>unsaveSpara<\/p>\n<p>expand-left<\/p>\n<p>helsk\u00e4rm<img decoding=\"async\" class=\"image-asset hyperion-css-u06ts1\" data-test-tag=\"image-asset\" src=\"https:\/\/www.europesays.com\/se\/wp-content\/uploads\/2026\/01\/a90d51e2-37de-4fc4-8620-224cfb9cb6b0.jpeg\"  alt=\"En ljusmanifestation p\u00e5 Stortorget i Malm\u00f6 f\u00f6r kvinnorna som m\u00f6rdades i Boden och Salem under julveckan. Arkivbild.\"  loading=\"eager\" fetchpriority=\"high\" style=\"aspect-ratio:1900 \/ 1512\"\/>En ljusmanifestation p\u00e5 Stortorget i Malm\u00f6 f\u00f6r kvinnorna som m\u00f6rdades i Boden och Salem under julveckan. Arkivbild. Foto: Johan Nilsson\/TT<\/p>\n<p class=\"hyperion-css-1shl3oz\" data-test-tag=\"lead-text\">Efter tv\u00e5 uppm\u00e4rksammade mord p\u00e5 kvinnor under julveckan har psykiatrins roll \u00e5ter blivit aktuell. Men \u201datt tv\u00e5ngsv\u00e5rda p\u00e5 l\u00f6sa grunder skulle backa bandet till en m\u00f6rk tid i svensk sjukv\u00e5rdshistoria\u201d, skriver tv\u00e5 psykiatri\u00f6verl\u00e4kare i DN Debatt.<\/p>\n<p class=\"hyperion-css-1v9qo5x\">Det handlar om morden i R\u00f6nninge och Boden d\u00e4r tv\u00e5 kvinnor brutalt m\u00f6rdades av f\u00f6r dem ok\u00e4nda m\u00e4n. I Boden hade den misst\u00e4nkta g\u00e4rningsmannen bara dagar f\u00f6re mordet varit tv\u00e5ngsinlagd inom psykiatrin, enligt uppgifter fr\u00e5n mannens mor till NSD.<\/p>\n<p class=\"hyperion-css-1v9qo5x\">Tv\u00e5ngsv\u00e5rden diskuteras allt mer. Men enligt psykiatri\u00f6verl\u00e4karna kan inte psykiatrin \u201dagera utifr\u00e5n misstankar eller obehag\u201d.<\/p>\n<p class=\"hyperion-css-1v9qo5x\">\u201dUtan behandlingsbar psykisk sjukdom och utan lagst\u00f6d \u00e4r v\u00e5rden aldrig ett medel f\u00f6r att i f\u00f6rebyggande syfte frihetsber\u00f6va m\u00e4nniskor. Ett s\u00e5dant system vore inte bara orealistiskt, utan ocks\u00e5 djupt r\u00e4ttsos\u00e4kert\u201d, skriver de.<\/p>\n<p class=\"hyperion-css-1v9qo5x\">De skriver att det \u00e4r \u201dett grundl\u00e4ggande missf\u00f6rst\u00e5nd och en farlig f\u00f6renkling\u201d att anta att psykiatrin hade kunnat f\u00f6rutse och f\u00f6rhindra morden, och d\u00e4rf\u00f6r har misslyckats i sitt uppdrag.<\/p>\n","protected":false},"excerpt":{"rendered":"share-arrowDela unsaveSpara expand-left helsk\u00e4rmEn ljusmanifestation p\u00e5 Stortorget i Malm\u00f6 f\u00f6r kvinnorna som m\u00f6rdades i Boden och Salem under&hellip;\n","protected":false},"author":2,"featured_media":131394,"comment_status":"","ping_status":"","sticky":false,"template":"","format":"standard","meta":{"footnotes":""},"categories":[12],"tags":[22,23,26,27,17,21,24,25,28,29,15,16,18,34,31,33,32,30,19,20],"class_list":{"0":"post-131393","1":"post","2":"type-post","3":"status-publish","4":"format-standard","5":"has-post-thumbnail","7":"category-sverige","8":"tag-breaking-news","9":"tag-breakingnews","10":"tag-featured-news","11":"tag-featurednews","12":"tag-headlines","13":"tag-huvudnyheter","14":"tag-latest-news","15":"tag-latestnews","16":"tag-main-news","17":"tag-mainnews","18":"tag-news","19":"tag-nyheter","20":"tag-rubriker","21":"tag-se","22":"tag-svenska","23":"tag-sverige","24":"tag-sweden","25":"tag-swedish","26":"tag-top-stories","27":"tag-topstories"},"share_on_mastodon":{"url":"https:\/\/pubeurope.com\/@se\/115870323432699057","error":""},"_links":{"self":[{"href":"https:\/\/www.europesays.com\/se\/wp-json\/wp\/v2\/posts\/131393","targetHints":{"allow":["GET"]}}],"collection":[{"href":"https:\/\/www.europesays.com\/se\/wp-json\/wp\/v2\/posts"}],"about":[{"href":"https:\/\/www.europesays.com\/se\/wp-json\/wp\/v2\/types\/post"}],"author":[{"embeddable":true,"href":"https:\/\/www.europesays.com\/se\/wp-json\/wp\/v2\/users\/2"}],"replies":[{"embeddable":true,"href":"https:\/\/www.europesays.com\/se\/wp-json\/wp\/v2\/comments?post=131393"}],"version-history":[{"count":0,"href":"https:\/\/www.europesays.com\/se\/wp-json\/wp\/v2\/posts\/131393\/revisions"}],"wp:featuredmedia":[{"embeddable":true,"href":"https:\/\/www.europesays.com\/se\/wp-json\/wp\/v2\/media\/131394"}],"wp:attachment":[{"href":"https:\/\/www.europesays.com\/se\/wp-json\/wp\/v2\/media?parent=131393"}],"wp:term":[{"taxonomy":"category","embeddable":true,"href":"https:\/\/www.europesays.com\/se\/wp-json\/wp\/v2\/categories?post=131393"},{"taxonomy":"post_tag","embeddable":true,"href":"https:\/\/www.europesays.com\/se\/wp-json\/wp\/v2\/tags?post=131393"}],"curies":[{"name":"wp","href":"https:\/\/api.w.org\/{rel}","templated":true}]}}