{"id":131401,"date":"2026-01-10T10:35:25","date_gmt":"2026-01-10T10:35:25","guid":{"rendered":"https:\/\/www.europesays.com\/se\/131401\/"},"modified":"2026-01-10T10:35:25","modified_gmt":"2026-01-10T10:35:25","slug":"08-januari-17-34-trafikkontroll-vasterbottens-lan-polisen-se","status":"publish","type":"post","link":"https:\/\/www.europesays.com\/se\/131401\/","title":{"rendered":"08 januari 17.34, Trafikkontroll, V\u00e4sterbottens l\u00e4n &#8211; polisen.se"},"content":{"rendered":"<ol>\n<li><a href=\"https:\/\/news.google.com\/rss\/articles\/CBMipgFBVV95cUxNN043SF9vZWdHWm8yc3g3SUJfLWh0MjN1cUNyOGx3NElqM3BvM2djbHRxT1FYRDFqS2RxaVZtM1JPQW9HVm5yQm5VNE5LUEtNQzlxV0ZaM1VfbDExbTZCQ3ZTUzczRU5mVExramF2UkNQRmxZT1JhcTAwQnZWMzcyVmNsdU15TnA2VWlKY3lvd1Jaby0xaG9OVE8wTDFZS1hGSkt4aDln?oc=5\" target=\"_blank\" rel=\"nofollow noopener\">08 januari 17.34, Trafikkontroll, V\u00e4sterbottens l\u00e4n<\/a>&nbsp;&nbsp;polisen.se<\/li>\n<li><a href=\"https:\/\/news.google.com\/rss\/articles\/CBMisgFBVV95cUxOMlMyank1MkpxMzl5R1RvS253YUQwNktaVHBib2FtMHRRMV95SHdJZUhZc2NfaVp2TVpJcWowTzFXZHBJT0JzU19ySG14cnVseEVtVXlZZm4wNVJhZ080NXpXemFoYWdDeklTeF8tTEtDUFljckRtX1NFcjlpTFBmeS1fZHFYbUw5UGQzNkRoUVh0MS13OUxTTjJBTTF6T0hjUjhId1RIOV9HVkFub2tVeTBB?oc=5\" target=\"_blank\" rel=\"nofollow noopener\">Bilf\u00f6rare i Skellefte\u00e5 b\u00f6tf\u00e4lld \u2013 missade stopplikt<\/a>&nbsp;&nbsp;Norran<\/li>\n<li><a href=\"https:\/\/news.google.com\/rss\/articles\/CBMi3wFBVV95cUxOa1EyWjE5WWV4UGdxVG9VY1ZyUG9lZWg3NnJhMWJzYUxidUF2M1czNldlMWxGV1JQR1JKQXdmaE4tWUtZa0xXc2t0RERWalBnTkwyTmRvV3ZKTTdwT0NUUGhESUU2dDFEbnluMHliSnZpWHB2RU1vMGN2MG5hZWZoUUJ4VDdUMDByY2l4MDhUQmZZSDlYT1FZY051TFdlRzNERjdvWUJZTHZ5Y0JzWThKZE5DQ04xUjRiR2RmMF9mQ0NwZkdXS0Jqc1N1WlpJQ0VhV0FjODc4WFBBMXhxazR3?oc=5\" target=\"_blank\" rel=\"nofollow noopener\">Ett urval av polisens arbete i trafiken under eftermiddagen.<\/a>&nbsp;&nbsp;Brottsplatskartan.se<\/li>\n<li><a href=\"https:\/\/news.google.com\/rss\/articles\/CBMivwFBVV95cUxNdUEtU3JWdkhVdm03QlRKN2U3VlFGdzRsUWNBSHN6Nk9LTktRN2NGTXBzX2tsMWlGdGhRdWx3eGpZdHRXMERZYldMREs4RVUza2t3S2ZaUW1WNnViWlp5aFhkX1RJYTlzdzliV2RKRUxLSUlhNHpGR2ZodzJrc2FLUzIyUWU1V3kwa2VGdmQzYzRWUmktR29tbURUQWJvenIwbGRTNElEUkNyZjQ1RkpBekU3RWd3cURfWWV1NW43bw?oc=5\" target=\"_blank\" rel=\"nofollow noopener\">Urval av polisens arbete i trafiken<\/a>&nbsp;&nbsp;Brottsplatskartan.se<\/li>\n<li><a href=\"https:\/\/news.google.com\/rss\/articles\/CBMi-AFBVV95cUxQOVNCTTNYRW5FNXJVY2Q5ZEc3NVFpbC1yaWVZMHJTeTR4aDg1WVdIY0oydnRSd09WVnktV0c4ck9rSVBYQlBORjVpeFlVQU9YcE43Yml0ZjBtTEx5TTVJSnFhbkxKYWxnT0daTUVWNVB1QU9nV1c4M21yelZrZDM4YTdxZTNHSm40ZHBVcXFxY0tVNkl4eEtRY2E3VW1RZ2J4MElEZkJJVHlKVGEtanZBTTNmSjd4cHdfVjBmSFVxU2ExMm1ibnNCQTV1b0pmN2dWaXdNU0hzanhuZ1Bhc0RGRzJkb2c2Tnp4cXVIbzJFWG1BOTBFWFFBTw?oc=5\" target=\"_blank\" rel=\"nofollow noopener\">V\u00e4sterbotten, resultat fr\u00e5n n\u00e5gra av f\u00f6rmiddagens trafikkontroller.<\/a>&nbsp;&nbsp;Brottsplatskartan.se<\/li>\n<\/ol>\n","protected":false},"excerpt":{"rendered":"08 januari 17.34, Trafikkontroll, V\u00e4sterbottens l\u00e4n&nbsp;&nbsp;polisen.se Bilf\u00f6rare i Skellefte\u00e5 b\u00f6tf\u00e4lld \u2013 missade stopplikt&nbsp;&nbsp;Norran Ett urval av polisens arbete&hellip;\n","protected":false},"author":2,"featured_media":54,"comment_status":"","ping_status":"","sticky":false,"template":"","format":"standard","meta":{"footnotes":""},"categories":[12],"tags":[22,23,26,27,17,21,24,25,28,29,15,16,18,34,31,33,32,30,19,20],"class_list":{"0":"post-131401","1":"post","2":"type-post","3":"status-publish","4":"format-standard","5":"has-post-thumbnail","7":"category-sverige","8":"tag-breaking-news","9":"tag-breakingnews","10":"tag-featured-news","11":"tag-featurednews","12":"tag-headlines","13":"tag-huvudnyheter","14":"tag-latest-news","15":"tag-latestnews","16":"tag-main-news","17":"tag-mainnews","18":"tag-news","19":"tag-nyheter","20":"tag-rubriker","21":"tag-se","22":"tag-svenska","23":"tag-sverige","24":"tag-sweden","25":"tag-swedish","26":"tag-top-stories","27":"tag-topstories"},"share_on_mastodon":{"url":"https:\/\/pubeurope.com\/@se\/115870362740830005","error":""},"_links":{"self":[{"href":"https:\/\/www.europesays.com\/se\/wp-json\/wp\/v2\/posts\/131401","targetHints":{"allow":["GET"]}}],"collection":[{"href":"https:\/\/www.europesays.com\/se\/wp-json\/wp\/v2\/posts"}],"about":[{"href":"https:\/\/www.europesays.com\/se\/wp-json\/wp\/v2\/types\/post"}],"author":[{"embeddable":true,"href":"https:\/\/www.europesays.com\/se\/wp-json\/wp\/v2\/users\/2"}],"replies":[{"embeddable":true,"href":"https:\/\/www.europesays.com\/se\/wp-json\/wp\/v2\/comments?post=131401"}],"version-history":[{"count":0,"href":"https:\/\/www.europesays.com\/se\/wp-json\/wp\/v2\/posts\/131401\/revisions"}],"wp:featuredmedia":[{"embeddable":true,"href":"https:\/\/www.europesays.com\/se\/wp-json\/wp\/v2\/media\/54"}],"wp:attachment":[{"href":"https:\/\/www.europesays.com\/se\/wp-json\/wp\/v2\/media?parent=131401"}],"wp:term":[{"taxonomy":"category","embeddable":true,"href":"https:\/\/www.europesays.com\/se\/wp-json\/wp\/v2\/categories?post=131401"},{"taxonomy":"post_tag","embeddable":true,"href":"https:\/\/www.europesays.com\/se\/wp-json\/wp\/v2\/tags?post=131401"}],"curies":[{"name":"wp","href":"https:\/\/api.w.org\/{rel}","templated":true}]}}