{"id":131406,"date":"2026-01-10T10:42:06","date_gmt":"2026-01-10T10:42:06","guid":{"rendered":"https:\/\/www.europesays.com\/se\/131406\/"},"modified":"2026-01-10T10:42:06","modified_gmt":"2026-01-10T10:42:06","slug":"fangelser-i-kalifornien-later-intagna-resa-med-vr-glasogon","status":"publish","type":"post","link":"https:\/\/www.europesays.com\/se\/131406\/","title":{"rendered":"F\u00e4ngelser i Kalifornien l\u00e5ter intagna \u201dresa\u201d med VR-glas\u00f6gon"},"content":{"rendered":"<p>F\u00e4ngelser i Kalifornien har b\u00f6rjat erbjuda de intagna att bes\u00f6ka exotiska resm\u00e5l med hj\u00e4lp av VR-glas\u00f6gon, skriver AP.<\/p>\n<p>\u2013 Jag \u00e5kte till Thailand, mannen, s\u00e4ger Jacob Smith, som befunnit sig bakom murarna p\u00e5 Valley State Prison i tv\u00e5 decennier. <\/p>\n<p>VR-glas\u00f6gonen har tillhandah\u00e5llits av den ideella organisationen Creative Acts, som beskriver glas\u00f6gonen som \u201dhoppmaskiner\u201d. <\/p>\n<p>F\u00f6rutom att l\u00e5ta intagna uppleva platser de aldrig skulle kunna bes\u00f6ka menar organisationen ocks\u00e5 att de kan hj\u00e4lpa intagna att bearbeta trauman och f\u00f6rbereda dem f\u00f6r en \u00e5terkomst till livet utanf\u00f6r murarna.<\/p>\n<p>Omni \u00e4r politiskt obundna och oberoende. Vi str\u00e4var efter att ge fler perspektiv p\u00e5 nyheterna. Har du fr\u00e5gor eller synpunkter kring v\u00e5r rapportering? <a href=\"https:\/\/omni.se\/fangelser-i-kalifornien-later-intagna-resa-med-vr-glasogon\/a\/mailto:redaktion@omni.se\" class=\"ArticleActions_contactLink__W2F1M\" rel=\"nofollow noopener\" target=\"_blank\">Kontakta redaktionen<\/a><\/p>\n","protected":false},"excerpt":{"rendered":"F\u00e4ngelser i Kalifornien har b\u00f6rjat erbjuda de intagna att bes\u00f6ka exotiska resm\u00e5l med hj\u00e4lp av VR-glas\u00f6gon, skriver AP.&hellip;\n","protected":false},"author":2,"featured_media":131407,"comment_status":"","ping_status":"","sticky":false,"template":"","format":"standard","meta":{"footnotes":""},"categories":[14],"tags":[22,23,26,27,17,21,2801,715,24,25,28,29,15,268,16,18,34,31,33,32,30,19,20,74,51,52,53,54],"class_list":{"0":"post-131406","1":"post","2":"type-post","3":"status-publish","4":"format-standard","5":"has-post-thumbnail","7":"category-varlden","8":"tag-breaking-news","9":"tag-breakingnews","10":"tag-featured-news","11":"tag-featurednews","12":"tag-headlines","13":"tag-huvudnyheter","14":"tag-informationsteknologi","15":"tag-it","16":"tag-latest-news","17":"tag-latestnews","18":"tag-main-news","19":"tag-mainnews","20":"tag-news","21":"tag-nordamerika","22":"tag-nyheter","23":"tag-rubriker","24":"tag-se","25":"tag-svenska","26":"tag-sverige","27":"tag-sweden","28":"tag-swedish","29":"tag-top-stories","30":"tag-topstories","31":"tag-usa","32":"tag-varlden","33":"tag-world","34":"tag-world-news","35":"tag-worldnews"},"share_on_mastodon":{"url":"https:\/\/pubeurope.com\/@se\/115870390216496749","error":""},"_links":{"self":[{"href":"https:\/\/www.europesays.com\/se\/wp-json\/wp\/v2\/posts\/131406","targetHints":{"allow":["GET"]}}],"collection":[{"href":"https:\/\/www.europesays.com\/se\/wp-json\/wp\/v2\/posts"}],"about":[{"href":"https:\/\/www.europesays.com\/se\/wp-json\/wp\/v2\/types\/post"}],"author":[{"embeddable":true,"href":"https:\/\/www.europesays.com\/se\/wp-json\/wp\/v2\/users\/2"}],"replies":[{"embeddable":true,"href":"https:\/\/www.europesays.com\/se\/wp-json\/wp\/v2\/comments?post=131406"}],"version-history":[{"count":0,"href":"https:\/\/www.europesays.com\/se\/wp-json\/wp\/v2\/posts\/131406\/revisions"}],"wp:featuredmedia":[{"embeddable":true,"href":"https:\/\/www.europesays.com\/se\/wp-json\/wp\/v2\/media\/131407"}],"wp:attachment":[{"href":"https:\/\/www.europesays.com\/se\/wp-json\/wp\/v2\/media?parent=131406"}],"wp:term":[{"taxonomy":"category","embeddable":true,"href":"https:\/\/www.europesays.com\/se\/wp-json\/wp\/v2\/categories?post=131406"},{"taxonomy":"post_tag","embeddable":true,"href":"https:\/\/www.europesays.com\/se\/wp-json\/wp\/v2\/tags?post=131406"}],"curies":[{"name":"wp","href":"https:\/\/api.w.org\/{rel}","templated":true}]}}