{"id":131408,"date":"2026-01-10T10:44:07","date_gmt":"2026-01-10T10:44:07","guid":{"rendered":"https:\/\/www.europesays.com\/se\/131408\/"},"modified":"2026-01-10T10:44:07","modified_gmt":"2026-01-10T10:44:07","slug":"far-inte-tag-pa-anhoriga","status":"publish","type":"post","link":"https:\/\/www.europesays.com\/se\/131408\/","title":{"rendered":"F\u00e5r inte tag p\u00e5 anh\u00f6riga"},"content":{"rendered":"<p>Svensk-iranier f\u00f6ljer oroat utvecklingen i Iran, som sedan b\u00f6rjan av december skakats av omfattande protester. De senaste dagarna har rapporter kommit om att m\u00e5nga m\u00e4nniskor har d\u00f6dats, samtidigt som internet och telefoni varit avst\u00e4ngda, enligt den internationella organisationen Netblocks.<\/p>\n<p>\u2013 Vi \u00e4r j\u00e4tteoroliga. Vi har ju inte h\u00f6rt av v\u00e5ra familjer varken i g\u00e5r eller f\u00f6rrg\u00e5r, s\u00e4ger Sanna Khadem i Kalmar som har syskon i den iranska huvudstaden.<\/p>\n","protected":false},"excerpt":{"rendered":"Svensk-iranier f\u00f6ljer oroat utvecklingen i Iran, som sedan b\u00f6rjan av december skakats av omfattande protester. De senaste dagarna&hellip;\n","protected":false},"author":2,"featured_media":131409,"comment_status":"","ping_status":"","sticky":false,"template":"","format":"standard","meta":{"footnotes":""},"categories":[5],"tags":[22,23,26,27,17,21,24,25,28,29,15,16,18,34,31,33,32,30,19,20],"class_list":{"0":"post-131408","1":"post","2":"type-post","3":"status-publish","4":"format-standard","5":"has-post-thumbnail","7":"category-rubriker","8":"tag-breaking-news","9":"tag-breakingnews","10":"tag-featured-news","11":"tag-featurednews","12":"tag-headlines","13":"tag-huvudnyheter","14":"tag-latest-news","15":"tag-latestnews","16":"tag-main-news","17":"tag-mainnews","18":"tag-news","19":"tag-nyheter","20":"tag-rubriker","21":"tag-se","22":"tag-svenska","23":"tag-sverige","24":"tag-sweden","25":"tag-swedish","26":"tag-top-stories","27":"tag-topstories"},"share_on_mastodon":{"url":"https:\/\/pubeurope.com\/@se\/115870398034947113","error":""},"_links":{"self":[{"href":"https:\/\/www.europesays.com\/se\/wp-json\/wp\/v2\/posts\/131408","targetHints":{"allow":["GET"]}}],"collection":[{"href":"https:\/\/www.europesays.com\/se\/wp-json\/wp\/v2\/posts"}],"about":[{"href":"https:\/\/www.europesays.com\/se\/wp-json\/wp\/v2\/types\/post"}],"author":[{"embeddable":true,"href":"https:\/\/www.europesays.com\/se\/wp-json\/wp\/v2\/users\/2"}],"replies":[{"embeddable":true,"href":"https:\/\/www.europesays.com\/se\/wp-json\/wp\/v2\/comments?post=131408"}],"version-history":[{"count":0,"href":"https:\/\/www.europesays.com\/se\/wp-json\/wp\/v2\/posts\/131408\/revisions"}],"wp:featuredmedia":[{"embeddable":true,"href":"https:\/\/www.europesays.com\/se\/wp-json\/wp\/v2\/media\/131409"}],"wp:attachment":[{"href":"https:\/\/www.europesays.com\/se\/wp-json\/wp\/v2\/media?parent=131408"}],"wp:term":[{"taxonomy":"category","embeddable":true,"href":"https:\/\/www.europesays.com\/se\/wp-json\/wp\/v2\/categories?post=131408"},{"taxonomy":"post_tag","embeddable":true,"href":"https:\/\/www.europesays.com\/se\/wp-json\/wp\/v2\/tags?post=131408"}],"curies":[{"name":"wp","href":"https:\/\/api.w.org\/{rel}","templated":true}]}}