{"id":131412,"date":"2026-01-10T10:52:49","date_gmt":"2026-01-10T10:52:49","guid":{"rendered":"https:\/\/www.europesays.com\/se\/131412\/"},"modified":"2026-01-10T10:52:49","modified_gmt":"2026-01-10T10:52:49","slug":"lotta-ilona-hayrynen-sverigedemokraterna-ger-sig-sjalva-moralisk-frisedel-etc-se","status":"publish","type":"post","link":"https:\/\/www.europesays.com\/se\/131412\/","title":{"rendered":"Lotta Ilona H\u00e4yrynen: Sverigedemokraterna ger sig sj\u00e4lva moralisk frisedel &#8211; ETC.se"},"content":{"rendered":"<ol>\n<li><a href=\"https:\/\/news.google.com\/rss\/articles\/CBMihgFBVV95cUxOWlFZTGVoWGNLMmdBZ2FBVU45dDc2MXU2WTV0T1owNjl0UHpraFhUR25VdWVGMWs4aWVvYjd1eVVJOUc1OWJTYUdfVll0RVhxZ21QcWlaN21GSHV5bXEtSWZoOGhFWjM2X1ZvaDV4RUpMWFJ0TG9DR05KOTZXMzdFXzAtQUNzQQ?oc=5\" target=\"_blank\" rel=\"nofollow noopener\">Lotta Ilona H\u00e4yrynen: Sverigedemokraterna ger sig sj\u00e4lva moralisk frisedel<\/a>&nbsp;&nbsp;ETC.se<\/li>\n<li><a href=\"https:\/\/news.google.com\/rss\/articles\/CBMipwFBVV95cUxOOXF6T0VvcGRzSWk3Uy03OXlkVzZ2VEU5emQyazhtTk9CU1BhVFVQWTFWTWFyaFV5TWNESjZLWW5WWkZ3MnB6UlNKdTNhNS1JelNTTzRkaDhyOHliOGs4Qm5QNXVWY0s0aTBELXRsa2FyNmtodnBJNGN3eVVDVkduU3ZHYTNpX25vbXlHajM0WHNacHBBbUliRlhTb1V3Q3E0OUREUEhTaw?oc=5\" target=\"_blank\" rel=\"nofollow noopener\">Nya uppgifter om SD-kvinnan: Snabbtester visade narkotikap\u00e5verkan<\/a>&nbsp;&nbsp;Aftonbladet<\/li>\n<li><a href=\"https:\/\/news.google.com\/rss\/articles\/CBMie0FVX3lxTFBCZmpvS05xRU9PaHNONDd3R0ljUVQ1ME1sajcteDFjUlNsWHYwa1hNTUNadlYyY252NlVkWHp6Y3VBVGpVWDl4bTZONkV5Mi1PRWdaUmVVeHBicmp6UmJlbWpUTHBhTUZHV2FXencwU2gyU1VCblBMTm5HRQ?oc=5\" target=\"_blank\" rel=\"nofollow noopener\">Politiker misst\u00e4nkt f\u00f6r brott<\/a>&nbsp;&nbsp;8 Sidor<\/li>\n<li><a href=\"https:\/\/news.google.com\/rss\/articles\/CBMinwFBVV95cUxPdERqWXNkMkcwcmpTOTJhM1ZkWm8xaTNLVVMxWGY1S2puZ1hJUjNpaXFWeWVfc3VialBUbEd5RFB5dkNpd0FHX0xnR0gyN0prR2VwOEJ4VGVuYXlZM2s0czBGclhZLV9fMFRaUVRWSWh2QU12eFVmU0NCSU1vRVRRdWQ0aHJfU3BqNllCazRNM2FDV2lpUlJkMS1XekdqUEk?oc=5\" target=\"_blank\" rel=\"nofollow noopener\">Uppgifter: Katja Nyberg (SD) misst\u00e4nkt f\u00f6r rattfylla<\/a>&nbsp;&nbsp;SVT Nyheter<\/li>\n<li><a href=\"https:\/\/news.google.com\/rss\/articles\/CBMikAFBVV95cUxNVGlvM0pkdUN3R3lTTXc2SjFQMWUyNVBGU21HTFRCQ1cydEVfVDc5eEg0N1FSdV8zX210LTdSV3hZZTVzMGRRZHh6b0VKSDFGckdLcGU2cUtYOWN5czNWSTFla011X1NSNmhYbmxXaURSSUtpUWFjcjdiOVpQVnVZRFROMnM2ak4zLUNDMXVNem4?oc=5\" target=\"_blank\" rel=\"nofollow noopener\">Nya uppgifter: Snabbtest visade Nyberg drogp\u00e5verkad<\/a>&nbsp;&nbsp;Sveriges Radio<\/li>\n<\/ol>\n","protected":false},"excerpt":{"rendered":"Lotta Ilona H\u00e4yrynen: Sverigedemokraterna ger sig sj\u00e4lva moralisk frisedel&nbsp;&nbsp;ETC.se Nya uppgifter om SD-kvinnan: Snabbtester visade narkotikap\u00e5verkan&nbsp;&nbsp;Aftonbladet Politiker misst\u00e4nkt&hellip;\n","protected":false},"author":2,"featured_media":131413,"comment_status":"","ping_status":"","sticky":false,"template":"","format":"standard","meta":{"footnotes":""},"categories":[5],"tags":[22,23,26,27,17,21,24,25,28,29,15,16,18,34,31,33,32,30,19,20],"class_list":{"0":"post-131412","1":"post","2":"type-post","3":"status-publish","4":"format-standard","5":"has-post-thumbnail","7":"category-rubriker","8":"tag-breaking-news","9":"tag-breakingnews","10":"tag-featured-news","11":"tag-featurednews","12":"tag-headlines","13":"tag-huvudnyheter","14":"tag-latest-news","15":"tag-latestnews","16":"tag-main-news","17":"tag-mainnews","18":"tag-news","19":"tag-nyheter","20":"tag-rubriker","21":"tag-se","22":"tag-svenska","23":"tag-sverige","24":"tag-sweden","25":"tag-swedish","26":"tag-top-stories","27":"tag-topstories"},"share_on_mastodon":{"url":"https:\/\/pubeurope.com\/@se\/115870433423015506","error":""},"_links":{"self":[{"href":"https:\/\/www.europesays.com\/se\/wp-json\/wp\/v2\/posts\/131412","targetHints":{"allow":["GET"]}}],"collection":[{"href":"https:\/\/www.europesays.com\/se\/wp-json\/wp\/v2\/posts"}],"about":[{"href":"https:\/\/www.europesays.com\/se\/wp-json\/wp\/v2\/types\/post"}],"author":[{"embeddable":true,"href":"https:\/\/www.europesays.com\/se\/wp-json\/wp\/v2\/users\/2"}],"replies":[{"embeddable":true,"href":"https:\/\/www.europesays.com\/se\/wp-json\/wp\/v2\/comments?post=131412"}],"version-history":[{"count":0,"href":"https:\/\/www.europesays.com\/se\/wp-json\/wp\/v2\/posts\/131412\/revisions"}],"wp:featuredmedia":[{"embeddable":true,"href":"https:\/\/www.europesays.com\/se\/wp-json\/wp\/v2\/media\/131413"}],"wp:attachment":[{"href":"https:\/\/www.europesays.com\/se\/wp-json\/wp\/v2\/media?parent=131412"}],"wp:term":[{"taxonomy":"category","embeddable":true,"href":"https:\/\/www.europesays.com\/se\/wp-json\/wp\/v2\/categories?post=131412"},{"taxonomy":"post_tag","embeddable":true,"href":"https:\/\/www.europesays.com\/se\/wp-json\/wp\/v2\/tags?post=131412"}],"curies":[{"name":"wp","href":"https:\/\/api.w.org\/{rel}","templated":true}]}}