{"id":131420,"date":"2026-01-10T11:02:19","date_gmt":"2026-01-10T11:02:19","guid":{"rendered":"https:\/\/www.europesays.com\/se\/131420\/"},"modified":"2026-01-10T11:02:19","modified_gmt":"2026-01-10T11:02:19","slug":"calle-halfvarssons-ord-infor-odeshelgen-blir-inte-viktigare-langdskidor","status":"publish","type":"post","link":"https:\/\/www.europesays.com\/se\/131420\/","title":{"rendered":"Calle Halfvarssons ord inf\u00f6r \u00f6deshelgen: \u201dBlir inte viktigare\u201d | L\u00e4ngdskidor"},"content":{"rendered":"<p>Publicerad 9 jan 2026 kl 07.14Uppdaterad kl 12.13<\/p>\n<p>Under fredag, l\u00f6rdag och s\u00f6ndag forts\u00e4tter Smart Energy Cup p\u00e5 Lugnets skidstadion i Falun.<\/p>\n<p>Alla t\u00e4vlingar direkts\u00e4nds p\u00e5 Expressen \u2013 och startf\u00e4lten \u00e4r fyllda med stj\u00e4rn\u00e5kare som bland andra Jonna Sundling och Linn Svahn.<\/p>\n<p>Men det \u00e4r p\u00e5 herrsidan som det finns en extra dimension av allvar inf\u00f6r helgen.\u00a0<\/p>\n<p>Fortfarande finns det fyra platser till OS i Italien att sl\u00e5ss om. Och f\u00f6r ett tungt meriterat namn \u00e4r det sista chansen att g\u00f6ra anspr\u00e5k p\u00e5 en OS-biljett.<\/p>\n<p>\u2013 Lyckas jag inte h\u00e4r i helgen s\u00e5 \u00e4r det k\u00f6rt. D\u00e5 \u00e4r det bara att st\u00e4nga det kapitlet i karri\u00e4ren p\u00e5 s\u00f6ndag, s\u00e4ger <a href=\"https:\/\/www.expressen.se\/tagg\/person\/calle-halfvarsson\/\" class=\"\" rel=\"nofollow noopener\" target=\"_blank\">Calle Halfvarsson<\/a>.<\/p>\n<p>Calle: \u201dInser att det blir tufft\u201d<\/p>\n<p>Veteranen har haft en bedr\u00f6vlig s\u00e4song efter att ha drabbats av en rad sjukdomsperioder.<\/p>\n<p>Han har bara kommit till start under tv\u00e5 helger: G\u00e4llivarepremi\u00e4ren och skandinaviska cupen i Finland f\u00f6rra veckan.<\/p>\n<p>Resultatraden: 17-14-24-26-38-38.<\/p>\n<p>\u2013 Jag har aldrig hittat n\u00e5gon harmoni under hela s\u00e4songen. Det har bara varit en enda l\u00e5ng stress. Ett st\u00e4ndigt jagande f\u00f6r att hitta tillbaka till mitt vanliga jag, s\u00e4ger Calle Halfvarsson.<\/p>\n<p><strong>Och nu \u00e5terst\u00e5r en chans om du vill \u00e5ka OS?<\/strong><\/p>\n<p>\u2013 Mmm, och jag har inte gett upp hoppet. Men som det har sett ut m\u00e5ste man vara \u00e4rlig mot sig sj\u00e4lv och inse att det blir tufft.<\/p>\n<p>Ur Calle Halfvarsson perspektiv finns det i och f\u00f6r sig en ljuspunkt: Konkurrensen p\u00e5 herrsidan i Sverige har varit l\u00e5ngt i fr\u00e5n m\u00f6rdande den h\u00e4r vintern.<\/p>\n<p>D\u00e4rf\u00f6r finns det ocks\u00e5 OS-platser kvar att sl\u00e5ss om.<\/p>\n<p>\u2013 Inte f\u00f6r att vara taskig med de andra grabbarna, men&#8230; hade jag bara gjort en medelm\u00e5ttig s\u00e4song hade jag ju haft en plats. \u00a0<\/p>\n<p>\u201dD\u00e5 \u00e4r det 50 procents chans\u201d<\/p>\n<p>\u2013 Det kan ju vara den l\u00e4ttaste s\u00e4songen n\u00e5gonsin att sl\u00e5 sig in i ett svenskt OS-lag. Och klarar man \u00e4nd\u00e5 inte de s\u00e5 inser man hur d\u00e5lig man \u00e4r. Lite s\u00e5 \u00e4r det ju faktiskt.<\/p>\n<p><strong>S\u00e5 vad h\u00e4nder om du missar OS \u2013 hur g\u00f6r du d\u00e5?<\/strong><\/p>\n<p>\u2013 Jag vill ju k\u00f6ra \u00f6ver VM i Falun n\u00e4sta \u00e5r. Och skulle det vara s\u00e5 att d\u00f6rren st\u00e4ngs till OS kanske jag vill \u00f6ppna satsningen mot Falun redan nu.<\/p>\n<p>\u2013 Och det finns det ju v\u00e4rldscupen efter OS ocks\u00e5.\u00a0<\/p>\n<p><strong>Till sist: Hur stor procentchans bed\u00f6mer du det \u00e4r att du tar dig till OS?<\/strong><\/p>\n<p>\u2013 Bra fr\u00e5ga. Hade du fr\u00e5gat mig efter helgen i Finland senast hade jag sagt kanske fem, tio procent.\u00a0<\/p>\n<p><strong>Okej, och nu d\u00e5?<\/strong><\/p>\n<p>\u2013 G\u00f6r jag ett bra lopp redan nu p\u00e5 fredag och k\u00e4nner att allt b\u00f6rjar st\u00e4mma&#8230; ja d\u00e5 kan vi nog \u00e4nd\u00e5 snacka 50 procent.<\/p>\n<p>T\u00e4vlingarna i Falun startar p\u00e5 fredagen klockan 10.00 med 10 kilometer klassiskt. Expressens s\u00e4ndning drar i g\u00e5ng redan 09.30.<\/p>\n","protected":false},"excerpt":{"rendered":"Publicerad 9 jan 2026 kl 07.14Uppdaterad kl 12.13 Under fredag, l\u00f6rdag och s\u00f6ndag forts\u00e4tter Smart Energy Cup p\u00e5&hellip;\n","protected":false},"author":2,"featured_media":131421,"comment_status":"","ping_status":"","sticky":false,"template":"","format":"standard","meta":{"footnotes":""},"categories":[68],"tags":[2229,34,857,111,110,31,33,32,30],"class_list":{"0":"post-131420","1":"post","2":"type-post","3":"status-publish","4":"format-standard","5":"has-post-thumbnail","7":"category-sport","8":"tag-person-calle-halfvarsson","9":"tag-se","10":"tag-sections-langdskidor","11":"tag-sport","12":"tag-sports","13":"tag-svenska","14":"tag-sverige","15":"tag-sweden","16":"tag-swedish"},"share_on_mastodon":{"url":"https:\/\/pubeurope.com\/@se\/115870468863330108","error":""},"_links":{"self":[{"href":"https:\/\/www.europesays.com\/se\/wp-json\/wp\/v2\/posts\/131420","targetHints":{"allow":["GET"]}}],"collection":[{"href":"https:\/\/www.europesays.com\/se\/wp-json\/wp\/v2\/posts"}],"about":[{"href":"https:\/\/www.europesays.com\/se\/wp-json\/wp\/v2\/types\/post"}],"author":[{"embeddable":true,"href":"https:\/\/www.europesays.com\/se\/wp-json\/wp\/v2\/users\/2"}],"replies":[{"embeddable":true,"href":"https:\/\/www.europesays.com\/se\/wp-json\/wp\/v2\/comments?post=131420"}],"version-history":[{"count":0,"href":"https:\/\/www.europesays.com\/se\/wp-json\/wp\/v2\/posts\/131420\/revisions"}],"wp:featuredmedia":[{"embeddable":true,"href":"https:\/\/www.europesays.com\/se\/wp-json\/wp\/v2\/media\/131421"}],"wp:attachment":[{"href":"https:\/\/www.europesays.com\/se\/wp-json\/wp\/v2\/media?parent=131420"}],"wp:term":[{"taxonomy":"category","embeddable":true,"href":"https:\/\/www.europesays.com\/se\/wp-json\/wp\/v2\/categories?post=131420"},{"taxonomy":"post_tag","embeddable":true,"href":"https:\/\/www.europesays.com\/se\/wp-json\/wp\/v2\/tags?post=131420"}],"curies":[{"name":"wp","href":"https:\/\/api.w.org\/{rel}","templated":true}]}}